{"id":132142,"date":"2025-11-24T16:43:04","date_gmt":"2025-11-24T21:43:04","guid":{"rendered":"https:\/\/www.magneto365.com\/manager\/faqs\/cual-es-la-diferencia-entre-comunicacion-corporativa-institucional-y-periodistica\/"},"modified":"2025-11-24T16:43:04","modified_gmt":"2025-11-24T21:43:04","slug":"cual-es-la-diferencia-entre-comunicacion-corporativa-institucional-y-periodistica","status":"publish","type":"faqs_post_type","link":"https:\/\/www.magneto365.com\/manager\/faqs\/cual-es-la-diferencia-entre-comunicacion-corporativa-institucional-y-periodistica\/","title":{"rendered":"\u00bfCu\u00e1l es la diferencia entre comunicaci\u00f3n corporativa, institucional y period\u00edstica?"},"content":{"rendered":"<p>La corporativa gestiona la reputaci\u00f3n y los mensajes de empresas hacia clientes, empleados e inversores; busca posicionamiento y valor de marca. La institucional comunica pol\u00edticas, programas y servicios de entidades p\u00fablicas o sin \u00e1nimo de lucro, enfatizando transparencia y rendici\u00f3n de cuentas. La period\u00edstica produce informaci\u00f3n de inter\u00e9s p\u00fablico con independencia editorial para audiencias generales. Diferencias clave: objetivos (negocio\/legitimidad\/servicio p\u00fablico), m\u00e9tricas (reputaci\u00f3n y engagement\/impacto ciudadano\/tr\u00e1fico y confianza) y tono (persuasivo\/informativo\/neutral-cr\u00edtico). Todas requieren planificaci\u00f3n, investigaci\u00f3n de audiencias, \u00e9tica y narrativa consistente, pero difieren en gobernanza, fuentes, formatos y responsabilidades frente a la ciudadan\u00eda y los stakeholders.<\/p>\n","protected":false},"featured_media":0,"template":"","meta":{"_uag_custom_page_level_css":""},"categories":[782],"acf":{"name":"Comunicaci\u00f3n y Periodismo","occupation_slug":"comunicacion-periodismo","type":"by_sector"},"uagb_featured_image_src":{"full":false,"thumbnail":false,"medium":false,"medium_large":false,"large":false,"1536x1536":false,"2048x2048":false,"twentyseventeen-featured-image":false,"twentyseventeen-thumbnail-avatar":false},"uagb_author_info":{"display_name":"Esteban Pinilla Delgado","author_link":"https:\/\/www.magneto365.com\/manager\/author\/"},"uagb_comment_info":0,"uagb_excerpt":"La corporativa gestiona la reputaci\u00f3n y los mensajes de empresas hacia clientes, empleados e inversores; busca posicionamiento y valor de marca. La institucional comunica pol\u00edticas, programas y servicios de entidades p\u00fablicas o sin \u00e1nimo de lucro, enfatizando transparencia y rendici\u00f3n de cuentas. La period\u00edstica produce informaci\u00f3n de inter\u00e9s p\u00fablico con independencia editorial para audiencias generales.&hellip;","_links":{"self":[{"href":"https:\/\/www.magneto365.com\/manager\/wp-json\/wp\/v2\/faqs_post_type\/132142"}],"collection":[{"href":"https:\/\/www.magneto365.com\/manager\/wp-json\/wp\/v2\/faqs_post_type"}],"about":[{"href":"https:\/\/www.magneto365.com\/manager\/wp-json\/wp\/v2\/types\/faqs_post_type"}],"wp:attachment":[{"href":"https:\/\/www.magneto365.com\/manager\/wp-json\/wp\/v2\/media?parent=132142"}],"wp:term":[{"taxonomy":"category","embeddable":true,"href":"https:\/\/www.magneto365.com\/manager\/wp-json\/wp\/v2\/categories?post=132142"}],"curies":[{"name":"wp","href":"https:\/\/api.w.org\/{rel}","templated":true}]}}