{"id":132154,"date":"2025-11-24T16:43:13","date_gmt":"2025-11-24T21:43:13","guid":{"rendered":"https:\/\/www.magneto365.com\/manager\/faqs\/que-hace-un-jefe-de-prensa-o-encargado-de-relaciones-publicas\/"},"modified":"2025-11-24T16:43:13","modified_gmt":"2025-11-24T21:43:13","slug":"que-hace-un-jefe-de-prensa-o-encargado-de-relaciones-publicas","status":"publish","type":"faqs_post_type","link":"https:\/\/www.magneto365.com\/manager\/faqs\/que-hace-un-jefe-de-prensa-o-encargado-de-relaciones-publicas\/","title":{"rendered":"\u00bfQu\u00e9 hace un jefe de prensa o encargado de relaciones p\u00fablicas?"},"content":{"rendered":"<p>Gestiona la relaci\u00f3n con medios y l\u00edderes de opini\u00f3n: planifica estrategias de PR, mapea periodistas, construye narrativas, prepara voceros y coordina entrevistas. Redacta comunicados, Q&#038;A, kits de prensa y organiza ruedas\/eventos. Monitorea cobertura, mide share of voice y sentimiento, y gestiona crisis reputacionales con protocolos y tiempos de respuesta. Tambi\u00e9n articula con marketing y digital para coherencia omnicanal. Su objetivo es posicionar mensajes clave, prevenir riesgos y fortalecer confianza con audiencias. Requiere criterio editorial, contactos, escritura impecable, gesti\u00f3n bajo presi\u00f3n y \u00e9tica informativa.<\/p>\n","protected":false},"featured_media":0,"template":"","meta":{"_uag_custom_page_level_css":""},"categories":[782],"acf":{"name":"Comunicaci\u00f3n y Periodismo","occupation_slug":"comunicacion-periodismo","type":"by_sector"},"uagb_featured_image_src":{"full":false,"thumbnail":false,"medium":false,"medium_large":false,"large":false,"1536x1536":false,"2048x2048":false,"twentyseventeen-featured-image":false,"twentyseventeen-thumbnail-avatar":false},"uagb_author_info":{"display_name":"Esteban Pinilla Delgado","author_link":"https:\/\/www.magneto365.com\/manager\/author\/"},"uagb_comment_info":0,"uagb_excerpt":"Gestiona la relaci\u00f3n con medios y l\u00edderes de opini\u00f3n: planifica estrategias de PR, mapea periodistas, construye narrativas, prepara voceros y coordina entrevistas. Redacta comunicados, Q&#038;A, kits de prensa y organiza ruedas\/eventos. Monitorea cobertura, mide share of voice y sentimiento, y gestiona crisis reputacionales con protocolos y tiempos de respuesta. Tambi\u00e9n articula con marketing y digital&hellip;","_links":{"self":[{"href":"https:\/\/www.magneto365.com\/manager\/wp-json\/wp\/v2\/faqs_post_type\/132154"}],"collection":[{"href":"https:\/\/www.magneto365.com\/manager\/wp-json\/wp\/v2\/faqs_post_type"}],"about":[{"href":"https:\/\/www.magneto365.com\/manager\/wp-json\/wp\/v2\/types\/faqs_post_type"}],"wp:attachment":[{"href":"https:\/\/www.magneto365.com\/manager\/wp-json\/wp\/v2\/media?parent=132154"}],"wp:term":[{"taxonomy":"category","embeddable":true,"href":"https:\/\/www.magneto365.com\/manager\/wp-json\/wp\/v2\/categories?post=132154"}],"curies":[{"name":"wp","href":"https:\/\/api.w.org\/{rel}","templated":true}]}}