{"id":132158,"date":"2025-11-24T16:43:16","date_gmt":"2025-11-24T21:43:16","guid":{"rendered":"https:\/\/www.magneto365.com\/manager\/faqs\/que-puestos-en-comunicacion-y-periodismo-tendran-mas-demanda-en-2025\/"},"modified":"2025-11-24T16:43:16","modified_gmt":"2025-11-24T21:43:16","slug":"que-puestos-en-comunicacion-y-periodismo-tendran-mas-demanda-en-2025","status":"publish","type":"faqs_post_type","link":"https:\/\/www.magneto365.com\/manager\/faqs\/que-puestos-en-comunicacion-y-periodismo-tendran-mas-demanda-en-2025\/","title":{"rendered":"\u00bfQu\u00e9 puestos en comunicaci\u00f3n y periodismo tendr\u00e1n m\u00e1s demanda en 2025?"},"content":{"rendered":"<p>Al alza: estratega de contenidos, editor multiplataforma, periodista de datos, productor de podcast y video corto, community\/social media lead, especialista en SEO\/News SEO, PR digital y gesti\u00f3n de crisis online. En corporativo: DirCom, comunicaci\u00f3n interna, employer branding y asuntos p\u00fablicos. En tech\/medios: growth content, newsletters managers, audience development y product content (UX writing). Habilidades diferenciales: anal\u00edtica, automatizaci\u00f3n, IA generativa responsable, accesibilidad y gesti\u00f3n de comunidades. La convergencia impulsa perfiles h\u00edbridos orientados a resultados y experiencia de usuario.<\/p>\n","protected":false},"featured_media":0,"template":"","meta":{"_uag_custom_page_level_css":""},"categories":[782],"acf":{"name":"Comunicaci\u00f3n y Periodismo","occupation_slug":"comunicacion-periodismo","type":"by_sector"},"uagb_featured_image_src":{"full":false,"thumbnail":false,"medium":false,"medium_large":false,"large":false,"1536x1536":false,"2048x2048":false,"twentyseventeen-featured-image":false,"twentyseventeen-thumbnail-avatar":false},"uagb_author_info":{"display_name":"Esteban Pinilla Delgado","author_link":"https:\/\/www.magneto365.com\/manager\/author\/"},"uagb_comment_info":0,"uagb_excerpt":"Al alza: estratega de contenidos, editor multiplataforma, periodista de datos, productor de podcast y video corto, community\/social media lead, especialista en SEO\/News SEO, PR digital y gesti\u00f3n de crisis online. En corporativo: DirCom, comunicaci\u00f3n interna, employer branding y asuntos p\u00fablicos. En tech\/medios: growth content, newsletters managers, audience development y product content (UX writing). Habilidades diferenciales:&hellip;","_links":{"self":[{"href":"https:\/\/www.magneto365.com\/manager\/wp-json\/wp\/v2\/faqs_post_type\/132158"}],"collection":[{"href":"https:\/\/www.magneto365.com\/manager\/wp-json\/wp\/v2\/faqs_post_type"}],"about":[{"href":"https:\/\/www.magneto365.com\/manager\/wp-json\/wp\/v2\/types\/faqs_post_type"}],"wp:attachment":[{"href":"https:\/\/www.magneto365.com\/manager\/wp-json\/wp\/v2\/media?parent=132158"}],"wp:term":[{"taxonomy":"category","embeddable":true,"href":"https:\/\/www.magneto365.com\/manager\/wp-json\/wp\/v2\/categories?post=132158"}],"curies":[{"name":"wp","href":"https:\/\/api.w.org\/{rel}","templated":true}]}}