{"id":126475,"date":"2024-02-25T21:46:53","date_gmt":"2024-02-26T02:46:53","guid":{"rendered":"https:\/\/www.magneto365.com\/home\/?p=126344"},"modified":"2024-03-08T15:46:53","modified_gmt":"2024-03-08T20:46:53","slug":"sector-gastronomico-feria-laboral","status":"publish","type":"post","link":"https:\/\/www.magneto365.com\/manager\/sector-gastronomico-feria-laboral\/","title":{"rendered":"\u00a1Pilas con esta feria! M\u00e1s de 1.000 vacantes de trabajo en el sector gastron\u00f3mico\u00a0"},"content":{"rendered":"\n<p><em>Las ofertas disponibles van dirigidas tanto a personas con una larga experiencia laboral como para quienes no tengan nada.&nbsp;<\/em>&nbsp;<\/p>\n\n\n\n<p>\u00bfSab\u00edas que el sector de los bares, gastrobares y discotecas en Colombia generan aproximadamente<strong> 96 mil trabajos cada mes<\/strong>? Esta cifra reportada por el Departamento Administrativo Nacional de Estad\u00edstica lo destaca como uno de las de mayor flujo dentro del \u00e1rea de servicios. Por su alto impacto a nivel econ\u00f3mico y de empleabilidad, este campo est\u00e1 en constante b\u00fasqueda de personal.&nbsp;<\/p>\n\n\n\n<p>El <strong>6 de marzo de 2:00 a 5:00 p.m. <\/strong>se realizar\u00e1 la feria virtual<a href=\"\/co\/empresas\/ferias-virtuales?utm_source=blog&amp;utm_medium=organic&amp;utm_campaign=magneto&amp;utm_content=feria-de-empleo\"> <strong>&#8220;Trabajos que sazonan la vida&#8221;,<\/strong><\/a><strong> <\/strong>organizada por Magneto, plataforma l\u00edder en empleabilidad del pa\u00eds, como respuesta a la alta demanda del sector gastron\u00f3mico. Esta ofrecer\u00e1 m\u00e1s de<strong> 1.000 oportunidades laborales<\/strong> para quienes ya trabajan en esta \u00e1rea o est\u00e1n pr\u00f3ximos a empezar a desenvolverse en este campo.&nbsp;<\/p>\n\n\n\n<p>Si te interesa aplicar a las vacantes de esta feria solo debes crear una cuenta. Aprende a c\u00f3mo<strong> <\/strong><a href=\"\/co\/empresas\/ferias-virtuales\/empleos?utm_source=blog&amp;utm_medium=organic&amp;utm_campaign=magneto&amp;utm_content=feria-de-empleo\" target=\"_blank\" rel=\"noreferrer noopener\"><strong>registrarte ya mismo con estos 3 pasos<\/strong><\/a><strong> <\/strong>y a conseguir el empleo que tanto quieres.&nbsp;<\/p>\n\n\n<div class=\"wp-block-image is-resized\">\n<figure class=\"aligncenter size-large\"><img decoding=\"async\" src=\"https:\/\/www.magneto365.com\/wp-content\/uploads\/2024\/02\/original-cb85346e-6195-4a73-b999-2d310567fc6f--1024x373.webp\" alt=\"\" class=\"wp-image-126395\"\/><\/figure><\/div>\n\n\n<p><strong>La \u00f1apa<\/strong><\/p>\n\n\n\n<p><a href=\"\/es\/blog\/trabajo-remoto-vacantes-laborales?utm_source=blog&amp;utm_medium=organic&amp;utm_campaign=magneto&amp;utm_content=vacantes-laborales\">\u00bfY el trabajo en Colombia? Revise las vacantes que hay en Colombia<\/a><\/p>\n\n\n\n<p><a href=\"\/es\/blog\/10-palabras-de-marketing-que-debes-aprender-ya?utm_source=blog&amp;utm_medium=organic&amp;utm_campaign=magneto&amp;utm_content=vacantes-laborales\">10 palabras de marketing que debes aprender ya<\/a><\/p>\n","protected":false},"excerpt":{"rendered":"<p>El mi\u00e9rcoles 6 de marzo se llevar\u00e1 a cabo una feria laboral en la que podr\u00e1s encontrar trabajo.<\/p>\n","protected":false},"author":11,"featured_media":126552,"comment_status":"closed","ping_status":"closed","sticky":false,"template":"","format":"standard","meta":{"_uag_custom_page_level_css":"","footnotes":""},"categories":[11,26],"tags":[149,15,20],"acf":{"floating_modal_blog":{"type":"disable","custom_fields":{"background":"","title":"","text":"","background_button":"","text_button":"","text_color":"","url_button":""}},"image_before_title":{"activate_generic_banner":false}},"contentshake_article_id":"","uagb_featured_image_src":{"full":["https:\/\/static.magneto365.com\/wordpress\/2024\/02\/07110103\/f960x540-570769_644844_0.webp",960,540,false],"thumbnail":["https:\/\/static.magneto365.com\/wordpress\/2024\/02\/07110103\/f960x540-570769_644844_0-150x150.webp",150,150,true],"medium":["https:\/\/static.magneto365.com\/wordpress\/2024\/02\/07110103\/f960x540-570769_644844_0-300x169.webp",300,169,true],"medium_large":["https:\/\/static.magneto365.com\/wordpress\/2024\/02\/07110103\/f960x540-570769_644844_0-768x432.webp",525,295,true],"large":["https:\/\/static.magneto365.com\/wordpress\/2024\/02\/07110103\/f960x540-570769_644844_0.webp",525,295,false],"1536x1536":["https:\/\/static.magneto365.com\/wordpress\/2024\/02\/07110103\/f960x540-570769_644844_0.webp",960,540,false],"2048x2048":["https:\/\/static.magneto365.com\/wordpress\/2024\/02\/07110103\/f960x540-570769_644844_0.webp",960,540,false],"twentyseventeen-featured-image":["https:\/\/static.magneto365.com\/wordpress\/2024\/02\/07110103\/f960x540-570769_644844_0.webp",960,540,false],"twentyseventeen-thumbnail-avatar":["https:\/\/static.magneto365.com\/wordpress\/2024\/02\/07110103\/f960x540-570769_644844_0-100x100.webp",100,100,true]},"uagb_author_info":{"display_name":"Nicolle Pacacira","author_link":"https:\/\/www.magneto365.com\/manager\/author\/nramirez\/"},"uagb_comment_info":0,"uagb_excerpt":"El mi\u00e9rcoles 6 de marzo se llevar\u00e1 a cabo una feria laboral en la que podr\u00e1s encontrar trabajo.","_links":{"self":[{"href":"https:\/\/www.magneto365.com\/manager\/wp-json\/wp\/v2\/posts\/126475"}],"collection":[{"href":"https:\/\/www.magneto365.com\/manager\/wp-json\/wp\/v2\/posts"}],"about":[{"href":"https:\/\/www.magneto365.com\/manager\/wp-json\/wp\/v2\/types\/post"}],"author":[{"embeddable":true,"href":"https:\/\/www.magneto365.com\/manager\/wp-json\/wp\/v2\/users\/11"}],"replies":[{"embeddable":true,"href":"https:\/\/www.magneto365.com\/manager\/wp-json\/wp\/v2\/comments?post=126475"}],"version-history":[{"count":3,"href":"https:\/\/www.magneto365.com\/manager\/wp-json\/wp\/v2\/posts\/126475\/revisions"}],"predecessor-version":[{"id":126648,"href":"https:\/\/www.magneto365.com\/manager\/wp-json\/wp\/v2\/posts\/126475\/revisions\/126648"}],"wp:featuredmedia":[{"embeddable":true,"href":"https:\/\/www.magneto365.com\/manager\/wp-json\/wp\/v2\/media\/126552"}],"wp:attachment":[{"href":"https:\/\/www.magneto365.com\/manager\/wp-json\/wp\/v2\/media?parent=126475"}],"wp:term":[{"taxonomy":"category","embeddable":true,"href":"https:\/\/www.magneto365.com\/manager\/wp-json\/wp\/v2\/categories?post=126475"},{"taxonomy":"post_tag","embeddable":true,"href":"https:\/\/www.magneto365.com\/manager\/wp-json\/wp\/v2\/tags?post=126475"}],"curies":[{"name":"wp","href":"https:\/\/api.w.org\/{rel}","templated":true}]}}