{"id":127802,"date":"2024-06-04T23:50:13","date_gmt":"2024-06-05T04:50:13","guid":{"rendered":"https:\/\/www.magneto365.com\/manager\/?p=127802"},"modified":"2025-06-25T15:19:03","modified_gmt":"2025-06-25T20:19:03","slug":"congreso-latinoamericano-de-empleabilidad","status":"publish","type":"post","link":"https:\/\/www.magneto365.com\/manager\/congreso-latinoamericano-de-empleabilidad\/","title":{"rendered":"Congreso Latinoamericano de Empleabilidad 2025"},"content":{"rendered":"\n<p>\u00bfSe ha preguntado alguna vez c\u00f3mo acceder a un buen empleo sin tener experiencia previa? \u00bfO qu\u00e9 habilidades digitales buscan hoy las empresas m\u00e1s innovadoras de Am\u00e9rica Latina? Si estas preguntas han rondado su mente, el <strong>Congreso LATAM de Empleabilidad 2025<\/strong> es el evento que no querr\u00e1 perderse.<\/p>\n\n\n\n<h2 class=\"wp-block-heading has-text-align-center\"><strong>\u00bfCu\u00e1ndo se realizar\u00e1 este evento? <\/strong><\/h2>\n\n\n\n<p>Este 25 de junio, de 1:00 p.m. a 7:00 p.m. (hora Colombia), se celebrar\u00e1 una nueva edici\u00f3n de este <strong><a href=\"https:\/\/www.magneto365.com\/home\/escuela-de-empleabilidad\/?f_magneto=1&amp;utm_source=blog&amp;utm_medium=organic&amp;utm_campaign=magneto&amp;utm_content=post-47-20240315-escuela-de-empleabilidad\">evento virtual gratuito<\/a><\/strong>, liderado por la <a href=\"https:\/\/www.magneto365.com\/home\/escuela-de-empleabilidad\/?f_magneto=1&amp;utm_source=blog&amp;utm_medium=organic&amp;utm_campaign=magneto&amp;utm_content=post-47-20240315-escuela-de-empleabilidad\"><strong>Escuela de Empleabilidad de Magneto<\/strong>,<\/a> que conecta talento con oportunidades reales en un mercado laboral que no para de transformarse.<\/p>\n\n\n\n<div class=\"wp-block-buttons is-content-justification-center is-layout-flex wp-container-1 wp-block-buttons-is-layout-flex\">\n<div class=\"wp-block-button\"><a class=\"wp-block-button__link wp-element-button\" href=\"https:\/\/www.magneto365.com\/home\/escuela-de-empleabilidad\/?f_magneto=1&amp;utm_source=blog&amp;utm_medium=organic&amp;utm_campaign=magneto&amp;utm_content=post-47-20240315-escuela-de-empleabilidad\">Haz tu inscripci\u00f3n al evento GRATUITO aqu\u00ed <\/a><\/div>\n<\/div>\n\n\n\n<h2 class=\"wp-block-heading has-text-align-center has-white-color has-text-color has-background\" style=\"background:linear-gradient(135deg,rgb(6,147,227) 18%,rgb(155,81,224) 84%)\"><strong>Conoce m\u00e1s sobre la Escuela de Empleabilidad de Magneto<\/strong><\/h2>\n\n\n\n<figure class=\"wp-block-embed is-type-video is-provider-youtube wp-block-embed-youtube wp-embed-aspect-16-9 wp-has-aspect-ratio\"><div class=\"wp-block-embed__wrapper\">\n<iframe loading=\"lazy\" title=\"V\u00eddeo Escuela Empleabilidad  2025 - 1200x628\" width=\"525\" height=\"295\" src=\"https:\/\/www.youtube.com\/embed\/4yozfpnvm8A?feature=oembed\" frameborder=\"0\" allow=\"accelerometer; autoplay; clipboard-write; encrypted-media; gyroscope; picture-in-picture; web-share\" referrerpolicy=\"strict-origin-when-cross-origin\" allowfullscreen><\/iframe>\n<\/div><\/figure>\n\n\n\n<h2 class=\"wp-block-heading\"><strong>\u00bfPor qu\u00e9 asistir al Congreso LATAM de Empleabilidad?<\/strong><\/h2>\n\n\n\n<p>Porque no es una charla m\u00e1s. Es una <strong>jornada de empleabilidad<\/strong> dise\u00f1ada para brindarle orientaci\u00f3n profesional y laboral desde distintas perspectivas: empresas l\u00edderes, universidades reconocidas, headhunters y especialistas en <strong>formaci\u00f3n y orientaci\u00f3n laboral<\/strong>.<\/p>\n\n\n\n<p>Si est\u00e1 buscando <strong><a href=\"http:\/\/Porque no es una charla m\u00e1s. Es una jornada de empleabilidad dise\u00f1ada para brindarle orientaci\u00f3n profesional y laboral desde distintas perspectivas: empresas l\u00edderes, universidades reconocidas, headhunters y especialistas en formaci\u00f3n y orientaci\u00f3n laboral.  Si est\u00e1 buscando trabajo para j\u00f3venes sin experiencia, quiere saber qu\u00e9 es la empleabilidad hoy o necesita fortalecer su perfil con cursos de orientaci\u00f3n laboral gratuitos, este es su espacio.\">trabajo para j\u00f3venes sin experiencia<\/a><\/strong>, quiere saber <strong>qu\u00e9 es la empleabilidad<\/strong> hoy o necesita fortalecer su perfil con <strong>cursos de orientaci\u00f3n laboral gratuitos<\/strong>, este es su espacio.<\/p>\n\n\n\n<h2 class=\"wp-block-heading\"><strong>Agenda cargada de inspiraci\u00f3n: <\/strong><\/h2>\n\n\n\n<ul>\n<li><strong>Conversatorios con universidades<\/strong> como EAFIT, Externado, UIS, UPB, Espol (Ecuador), UANE (M\u00e9xico) y UPC (Per\u00fa), quienes debatir\u00e1n sobre las habilidades m\u00e1s demandadas hoy.<\/li>\n\n\n\n<li><strong>Uso de inteligencia artificial para sobresalir profesionalmente<\/strong>, con Andrea Gellibert, quien compartir\u00e1 c\u00f3mo aprovechar esta tecnolog\u00eda a su favor.<\/li>\n\n\n\n<li><strong>Talleres de networking estrat\u00e9gico<\/strong>, con Guillermo Gonz\u00e1lez Pimiento, experto en liderazgo y relaciones laborales.<\/li>\n\n\n\n<li><strong>Paneles internacionales<\/strong> con reclutadores de Colombia, M\u00e9xico, Per\u00fa y Ecuador que analizan el estado actual del empleo en la regi\u00f3n.<\/li>\n\n\n\n<li><strong>Tips para llegar a los headhunters<\/strong>, de la mano de Carolina Ram\u00edrez, especialista en atracci\u00f3n de talento.<\/li>\n<\/ul>\n\n\n\n<p>Este evento gratuito forma parte de una ruta clara de <strong>capacitaciones laborales<\/strong> que Magneto viene liderando a trav\u00e9s de su <a href=\"https:\/\/www.magneto365.com\/home\/escuela-de-empleabilidad\/?f_magneto=1&amp;utm_source=blog&amp;utm_medium=organic&amp;utm_campaign=magneto&amp;utm_content=post-47-20240315-escuela-de-empleabilidad\">Escuela de Empleabilidad. <\/a>Ya no se trata solo de tener un t\u00edtulo, sino de desarrollar competencias adaptadas al mundo digital, entender c\u00f3mo se mueve el mercado y saber <a href=\"https:\/\/www.magneto365.com\/es\/blog\/preguntas-de-entrevistas-de-trabajo\">c\u00f3mo presentarse ante una oportunidad laboral.<\/a><\/p>\n\n\n\n<div class=\"wp-block-buttons is-content-justification-center is-layout-flex wp-container-2 wp-block-buttons-is-layout-flex\">\n<div class=\"wp-block-button\"><a class=\"wp-block-button__link wp-element-button\" href=\"https:\/\/www.magneto365.com\/home\/escuela-de-empleabilidad\/?f_magneto=1&amp;utm_source=blog&amp;utm_medium=organic&amp;utm_campaign=magneto&amp;utm_content=post-47-20240315-escuela-de-empleabilidad\">\u00a1Quiero participar ahora!<\/a><\/div>\n<\/div>\n\n\n\n<p><strong>Tambi\u00e9n puedes leer:<\/strong><\/p>\n\n\n\n<p><a href=\"https:\/\/www.magneto365.com\/es\/blog\/coworkings-gratis-en-bogota?f_magneto=1&amp;utm_source=blog&amp;utm_medium=organic&amp;utm_campaign=magneto&amp;utm_content=post-47-20240503-tips-laborales\">5 coworkings gratis en centros comerciales de Bogot\u00e1<\/a><\/p>\n\n\n\n<p><a href=\"https:\/\/www.magneto365.com\/es\/blog\/hoja-de-vida-formato-harvard?f_magneto=1&amp;utm_source=blog&amp;utm_medium=organic&amp;utm_campaign=magneto&amp;utm_content=post-47-20240430-tips-laborales\">\u00bfC\u00f3mo hacer una hoja de vida formato Harvard?<\/a><\/p>\n","protected":false},"excerpt":{"rendered":"<p>El evento contar\u00e1 con la presencia de 12 speakers nacionales e internacionales.<\/p>\n","protected":false},"author":11,"featured_media":130968,"comment_status":"closed","ping_status":"closed","sticky":false,"template":"","format":"standard","meta":{"_uag_custom_page_level_css":"","footnotes":""},"categories":[11,640,606],"tags":[259,128,15,87,141],"acf":{"floating_modal_blog":{"type":"custom","custom_fields":{"background":"","title":"","text":"","background_button":"","text_button":"","text_color":"","url_button":""}},"image_before_title":{"activate_generic_banner":false}},"contentshake_article_id":"","uagb_featured_image_src":{"full":["https:\/\/static.magneto365.com\/wordpress\/2024\/06\/25145554\/Captura-de-pantalla-2025-06-25-145538.png",762,403,false],"thumbnail":["https:\/\/static.magneto365.com\/wordpress\/2024\/06\/25145554\/Captura-de-pantalla-2025-06-25-145538-150x150.png",150,150,true],"medium":["https:\/\/static.magneto365.com\/wordpress\/2024\/06\/25145554\/Captura-de-pantalla-2025-06-25-145538-300x159.png",300,159,true],"medium_large":["https:\/\/static.magneto365.com\/wordpress\/2024\/06\/25145554\/Captura-de-pantalla-2025-06-25-145538.png",525,278,false],"large":["https:\/\/static.magneto365.com\/wordpress\/2024\/06\/25145554\/Captura-de-pantalla-2025-06-25-145538.png",525,278,false],"1536x1536":["https:\/\/static.magneto365.com\/wordpress\/2024\/06\/25145554\/Captura-de-pantalla-2025-06-25-145538.png",762,403,false],"2048x2048":["https:\/\/static.magneto365.com\/wordpress\/2024\/06\/25145554\/Captura-de-pantalla-2025-06-25-145538.png",762,403,false],"twentyseventeen-featured-image":["https:\/\/static.magneto365.com\/wordpress\/2024\/06\/25145554\/Captura-de-pantalla-2025-06-25-145538.png",762,403,false],"twentyseventeen-thumbnail-avatar":["https:\/\/static.magneto365.com\/wordpress\/2024\/06\/25145554\/Captura-de-pantalla-2025-06-25-145538-100x100.png",100,100,true]},"uagb_author_info":{"display_name":"Nicolle Pacacira","author_link":"https:\/\/www.magneto365.com\/manager\/author\/nramirez\/"},"uagb_comment_info":0,"uagb_excerpt":"El evento contar\u00e1 con la presencia de 12 speakers nacionales e internacionales.","_links":{"self":[{"href":"https:\/\/www.magneto365.com\/manager\/wp-json\/wp\/v2\/posts\/127802"}],"collection":[{"href":"https:\/\/www.magneto365.com\/manager\/wp-json\/wp\/v2\/posts"}],"about":[{"href":"https:\/\/www.magneto365.com\/manager\/wp-json\/wp\/v2\/types\/post"}],"author":[{"embeddable":true,"href":"https:\/\/www.magneto365.com\/manager\/wp-json\/wp\/v2\/users\/11"}],"replies":[{"embeddable":true,"href":"https:\/\/www.magneto365.com\/manager\/wp-json\/wp\/v2\/comments?post=127802"}],"version-history":[{"count":10,"href":"https:\/\/www.magneto365.com\/manager\/wp-json\/wp\/v2\/posts\/127802\/revisions"}],"predecessor-version":[{"id":130970,"href":"https:\/\/www.magneto365.com\/manager\/wp-json\/wp\/v2\/posts\/127802\/revisions\/130970"}],"wp:featuredmedia":[{"embeddable":true,"href":"https:\/\/www.magneto365.com\/manager\/wp-json\/wp\/v2\/media\/130968"}],"wp:attachment":[{"href":"https:\/\/www.magneto365.com\/manager\/wp-json\/wp\/v2\/media?parent=127802"}],"wp:term":[{"taxonomy":"category","embeddable":true,"href":"https:\/\/www.magneto365.com\/manager\/wp-json\/wp\/v2\/categories?post=127802"},{"taxonomy":"post_tag","embeddable":true,"href":"https:\/\/www.magneto365.com\/manager\/wp-json\/wp\/v2\/tags?post=127802"}],"curies":[{"name":"wp","href":"https:\/\/api.w.org\/{rel}","templated":true}]}}