{"id":128994,"date":"2024-10-18T13:17:29","date_gmt":"2024-10-18T18:17:29","guid":{"rendered":"https:\/\/www.magneto365.com\/manager\/?p=128994"},"modified":"2025-07-11T12:47:09","modified_gmt":"2025-07-11T17:47:09","slug":"20-preguntas-y-respuestas-en-una-entrevista","status":"publish","type":"post","link":"https:\/\/www.magneto365.com\/manager\/20-preguntas-y-respuestas-en-una-entrevista\/","title":{"rendered":"20 preguntas y respuestas en una entrevista de trabajo: c\u00f3mo prepararte para el \u00e9xito"},"content":{"rendered":"\n<p><em>Descubre las 20 preguntas y respuestas esenciales en una entrevista de trabajo y prep\u00e1rate para destacar frente al reclutador con nuestras recomendaciones expertas.<\/em><\/p>\n\n\n\n<p>Cuando est\u00e1s en un proceso de selecci\u00f3n y llega la hora de la entrevista con el reclutador, muchas dudas te asaltan y te preguntas \u00bfqu\u00e9 debo responder a determinada pregunta? aqu\u00ed es cuando se hace evidente <strong>la importancia de prepararte con antelaci\u00f3n para una entrevista de trabajo.<\/strong><\/p>\n\n\n\n<p>La hoja de vida es clave para conseguir el empleo que deseas. Sin embargo, la entrevista con el reclutador es a\u00fan m\u00e1s decisiva.<\/p>\n\n\n\n<p>Te compartimos una gu\u00eda de c\u00f3mo registrar tu hoja de vida en Magneto para encontrar el empleo de tus sue\u00f1os.<\/p>\n\n\n\n<figure class=\"wp-block-embed is-type-video is-provider-youtube wp-block-embed-youtube wp-embed-aspect-16-9 wp-has-aspect-ratio\"><div class=\"wp-block-embed__wrapper\">\n<iframe loading=\"lazy\" title=\"Registra tu hoja de vida en Magneto y encuentra el empleo que quieres\" width=\"525\" height=\"295\" src=\"https:\/\/www.youtube.com\/embed\/J6G0Tr8yN8M?feature=oembed\" frameborder=\"0\" allow=\"accelerometer; autoplay; clipboard-write; encrypted-media; gyroscope; picture-in-picture; web-share\" referrerpolicy=\"strict-origin-when-cross-origin\" allowfullscreen><\/iframe>\n<\/div><\/figure>\n\n\n\n<p>A continuaci\u00f3n, te presentamos las <strong>20 preguntas y respuestas clave en una entrevista de trabajo<\/strong> que te ayudar\u00e1n a triunfar.<\/p>\n\n\n\n<p>&nbsp;La primera pregunta que har\u00e1 el reclutador ser\u00e1:<\/p>\n\n\n\n<h2 class=\"wp-block-heading\"><strong> 1. \u00bfC\u00f3mo te describir\u00edas a ti mismo?<\/strong><\/h2>\n\n\n\n<h3 class=\"wp-block-heading\"><strong>Consejos para describirte adecuadamente en una entrevista de trabajo:<\/strong><\/h3>\n\n\n\n<p>Aunque parezca simple, esta pregunta eval\u00faa tu confianza y potencial para el puesto. S\u00e9 claro, conciso e impactante; una respuesta efectiva ser\u00eda la siguiente:<\/p>\n\n\n\n<p><em>&#8220;Soy Alejandro Reyes, analista financiero con m\u00e1s de 8 a\u00f1os en seguros. Apasionado por los negocios, he sido ejecutivo de cuenta, creando mejoras para clientes y liderando equipos con excelentes resultados.<\/em><\/p>\n\n\n\n<p><em>Me caracterizo por ser anal\u00edtico, ordenado y con gran sentido de colaboraci\u00f3n&#8221;.<\/em><\/p>\n\n\n\n<figure class=\"wp-block-image size-full\" id=\"banner-empleo-barrio\"><a href=\"https:\/\/www.magneto365.com\/es\/landings\/ferias-laborales?f_magneto=1&amp;utm_source=blog-seo&amp;utm_medium=organic&amp;utm_campaign=magneto&amp;utm_content=post-279-20250625-feria-laboral\"><img decoding=\"async\" loading=\"lazy\" width=\"930\" height=\"260\" src=\"https:\/\/static.magneto365.com\/wordpress\/2024\/07\/04080805\/Banner-Empleo-en-el-barrio-1-1.png\" alt=\"Banner Empleo en el barrio\" class=\"wp-image-131002\" title=\"Empleo en el barrio\" srcset=\"https:\/\/static.magneto365.com\/wordpress\/2024\/07\/04080805\/Banner-Empleo-en-el-barrio-1-1.png 930w, https:\/\/static.magneto365.com\/wordpress\/2024\/07\/04080805\/Banner-Empleo-en-el-barrio-1-1-300x84.png 300w, https:\/\/static.magneto365.com\/wordpress\/2024\/07\/04080805\/Banner-Empleo-en-el-barrio-1-1-768x215.png 768w\" sizes=\"(max-width: 767px) 89vw, (max-width: 1000px) 54vw, (max-width: 1071px) 543px, 580px\" \/><\/a><\/figure>\n\n\n\n<h2 class=\"wp-block-heading\"><strong>2. \u00bfPor qu\u00e9 quieres hacer parte de esta organizaci\u00f3n?<\/strong><\/h2>\n\n\n\n<p><strong>Es importante que previamente hayas hecho una investigaci\u00f3n sobre la empresa,<\/strong> su misi\u00f3n y visi\u00f3n, para definir c\u00f3mo puedes aportar a ella.<\/p>\n\n\n\n<p>Una respuesta interesante y puntual ser\u00eda:<\/p>\n\n\n\n<p>&#8220;<em>Me siento identificado con los lineamientos de la empresa, su forma de trabajo y el clima laboral. Estoy seguro de que mis habilidades comunicativas permitir\u00e1n satisfacer los clientes de las cuentas que tenga a cargo, logrando atraer negocios de mayor \u00e9xito<\/em>&#8220;<\/p>\n\n\n\n<h2 class=\"wp-block-heading\"><strong>3. Cu\u00e9ntame sobre tu experiencia laboral<\/strong><\/h2>\n\n\n\n<p>Esta pregunta es muy importante y la hacen todos los reclutadores, para conocer si tu perfil se ajusta a lo que est\u00e1n buscando. Aqu\u00ed<strong> no debes extenderte, pero s\u00ed ser conciso, <\/strong>por esto te sugerimos responderla con al siguiente formula:&nbsp;<\/p>\n\n\n\n<ul>\n<li>Resumen de los roles<\/li>\n\n\n\n<li>Funciones relevantes a la oferta (trabajo anterior a el \u00faltimo empleo)<\/li>\n\n\n\n<li>Logros y contribuciones<\/li>\n\n\n\n<li>Habilidades clave.<\/li>\n<\/ul>\n\n\n\n<p>Por ejemplo:<\/p>\n\n\n\n<p>&#8220;<em>Mi experiencia se basa en \u00e1reas como: fortalecimiento de relaciones con el cliente y la identificaci\u00f3n de nuevos negocios.<\/em><\/p>\n\n\n\n<p><em> Con los clientes que tenemos actualmente he trabajado en estrategias de fidelizaci\u00f3n, y en el \u00e1rea de negocios he desarrollado proyectos y propuestas comerciales muy concretas que han significado un incremento importante en clientes dentro de la compa\u00f1\u00eda<\/em>&#8220;<\/p>\n\n\n\n<p>(Aqu\u00ed puedes citar alg\u00fan logro asociado que hayas descrito en tu hoja de vida y explicarlo)<\/p>\n\n\n\n<h2 class=\"wp-block-heading\"><strong>4. \u00bfSabes algo acerca de nosotros?<\/strong><\/h2>\n\n\n\n<p><strong>Aqu\u00ed es fundamental siempre tu respuesta  en la entrevista sea positiva,<\/strong> nunca niegues no haber investigado sobre la empresa de la que quieres hacer parte. Un ejemplo puntual y muy ver\u00eddico de respuesta podr\u00eda ser:<\/p>\n\n\n\n<p>&#8220;<em>He seguido de cerca su trayectoria y s\u00e9 que son una empresa l\u00edder en la administraci\u00f3n de riesgos, gracias a sus m\u00e1s de 65 a\u00f1os generando confianza y seguridad a los clientes que manejan. Considero garantizan ofrecer la mejor opci\u00f3n para cubrir las necesidades de&nbsp;los asegurados de forma f\u00e1cil, integral y transparente, con la m\u00e1s&nbsp;alta calidad y acompa\u00f1amiento permanente<\/em>&#8220;<\/p>\n\n\n\n<p>Ten en cuenta que s\u00ed actualmente te encuentras trabajando en otra empresa, la siguiente pregunta ser\u00e1 crucial para el reclutador.<\/p>\n\n\n\n<h2 class=\"wp-block-heading\"><strong>5. \u00bfEst\u00e1s laborando actualmente? Si es positiva tu respuesta \u00bfpor qu\u00e9 te quieres retirar de d\u00f3nde est\u00e1s?<\/strong><\/h2>\n\n\n\n<p><strong>Esta es una de las preguntas m\u00e1s importantes que hacen los encargados de contrataci\u00f3n en una entrevista.<\/strong><\/p>\n\n\n\n<p>En este punto es muy importante que nunca des una mala referencia de tu anterior empleador o jefe. Puedes referir t\u00e9rminos generales sobre \u201clas pol\u00edticas de la empresa\u201d o las pocas oportunidades de crecimiento.<\/p>\n\n\n\n<p>&#8220;<em>He estado por 3 a\u00f1os en la organizaci\u00f3n, me siento muy agradecido con todos los aprendizajes alcanzados, sin embargo, siento que quiero seguir creciendo y aprendiendo, por lo que busco nuevos retos y desaf\u00edos&#8221;.<\/em><\/p>\n\n\n\n<h2 class=\"wp-block-heading\"><strong>6. \u00bfCu\u00e1l fue el \u00faltimo libro que le\u00edste y hace cu\u00e1nto?<\/strong><\/h2>\n\n\n\n<p>Con esta pregunta, el reclutador quiere conocerte mejor, descubrir&nbsp;c\u00f3mo&nbsp;piensas y que tipo de contenido te gusta consumir.<\/p>\n\n\n\n<p>Aqu\u00ed puedes responder positivamente. <strong>Ten en cuenta que una persona que lea estar\u00e1 en constante aprendizaje y ser\u00e1 mucho m\u00e1s llamativa a un candidato que no lo haga. <\/strong>En este caso puedes responder:<\/p>\n\n\n\n<p>&#8220;<em>Me gusta mucho leer y actualmente estoy&nbsp;leyendo un libro sobre c\u00f3mo brindar&nbsp;una&nbsp;buena&nbsp;experiencia al cliente y fidelizarlo. Siento este contenido puede ayudarme a mejorar mis habilidades profesionales y aportar mayores oportunidades a la organizaci\u00f3n<\/em>&#8220;.<\/p>\n\n\n\n<div class=\"wp-block-buttons is-content-justification-center is-layout-flex wp-container-1 wp-block-buttons-is-layout-flex\">\n<div class=\"wp-block-button is-style-outline\"><a class=\"wp-block-button__link has-text-align-center wp-element-button\" href=\"https:\/\/www.magneto365.com\/co\/empleos?f_magneto=1&amp;utm_source=blog-seo&amp;utm_medium=organic&amp;utm_campaign=magneto&amp;utm_content=post-311-20241011-vacantes-laborales\">\u00a1Aplica al empleo de tus sue\u00f1os aqu\u00ed!<\/a><\/div>\n<\/div>\n\n\n\n<h2 class=\"wp-block-heading\"><strong>7. \u00bfCu\u00e1les son tus principales fortalezas y debilidades?<\/strong><\/h2>\n\n\n\n<p><strong>Esta pregunta&nbsp;durante la entrevista, tiene como objetivo&nbsp;evaluar&nbsp;tu autoconocimiento&nbsp;y&nbsp;tu&nbsp;capacidad&nbsp;de mejora<\/strong>.&nbsp;Para&nbsp;responder a esta pregunta te sugerimos identificar tus grandes habilidades y luego&nbsp;dar ejemplos&nbsp;de c\u00f3mo los&nbsp;has&nbsp;puesto en pr\u00e1ctica en un entorno profesional.<\/p>\n\n\n\n<p>Cuando te refieras a tus&nbsp;debilidades, intenta&nbsp;concentrarte&nbsp;en las \u00e1reas en las que est\u00e1s trabajando&nbsp;activamente.<\/p>\n\n\n\n<p>Una respuesta acertada podr\u00eda ser:<\/p>\n\n\n\n<p>&#8220;<em>Mis habilidades&nbsp;son&nbsp;aprender r\u00e1pido, trabajar en equipo y&nbsp;ser muy creativo.<\/em><\/p>\n\n\n\n<p><em>Por ejemplo, cuando comenc\u00e9 mi \u00faltimo empleo, fue todo un reto aprender r\u00e1pido el uso de nuevas herramientas. En cuanto a mis debilidades, tiendo a ser perfeccionista y un poco insegura, sin embargo, soy consciente de estas debilidades y trabajo a diario por mejorarlas<\/em>&#8220;.<\/p>\n\n\n\n<p><em>Por ejemplo: asist\u00ed&nbsp;a un taller&nbsp;sobre&nbsp;gesti\u00f3n de capacidades y me ayud\u00f3 a creer m\u00e1s en mis talentos.<\/em><\/p>\n\n\n\n<h2 class=\"wp-block-heading\"><strong> 8. \u00bfCu\u00e1l es tu aspiraci\u00f3n salarial?<\/strong><\/h2>\n\n\n\n<p><strong>Tu respuesta ser\u00e1 decisiva en tu proceso de selecci\u00f3n. Aqu\u00ed el reclutador puede determinar los a\u00f1os de experiencia que tienes para ocupar el cargo; <\/strong>para responder esta pregunta, con antelaci\u00f3n inf\u00f3rmate sobre el escalaf\u00f3n salarial en tu actividad laboral, as\u00ed mismo el presupuesto de la empresa para informar tu aspiraci\u00f3n salarial.<\/p>\n\n\n\n<p>Aqu\u00ed una respuesta apropiada podr\u00eda ser:<\/p>\n\n\n\n<p><em>Mi aspiraci\u00f3n es un salario acorde&nbsp;a&nbsp;mi experiencia y&nbsp;conocimiento.&nbsp;De acuerdo con mi entendimiento, el rango salarial para esta vacante de&nbsp;X&nbsp;a&nbsp;Y, sin embargo, estoy dispuesto&nbsp;a&nbsp;negociar&nbsp;en funci\u00f3n&nbsp;del presupuesto&nbsp;de la empresa y de mi trabajo en este puesto.<\/em><em><\/em><\/p>\n\n\n\n<h2 class=\"wp-block-heading\"><strong>9. \u00bfPor qu\u00e9 crees eres la persona id\u00f3nea para contratar en este cargo?<\/strong><\/h2>\n\n\n\n<p>Para responder esta pregunta a la persona encarada debes validar las condiciones de la vacante muy bien, y de all\u00ed<strong> identificar elementos claves donde tu experiencia encaje y agregues un valor agregado, logrando destacarte de los dem\u00e1s candidatos.<\/strong><\/p>\n\n\n\n<p>Podr\u00eda ser algo como:<\/p>\n\n\n\n<p><em>\u201cQuiero apoyar y contribuir con la misi\u00f3n y visi\u00f3n de la organizaci\u00f3n desde mi experiencia en el \u00e1rea de manejo de cuentas, ya que tengo gran afinidad y pasi\u00f3n por el manejo del cliente\u201d<\/em><\/p>\n\n\n\n<h2 class=\"wp-block-heading\"><strong>10. \u00bfC\u00f3mo manejas los fracasos?<\/strong><\/h2>\n\n\n\n<p>Con esta pregunta el reclutador quiere cerciorarse c\u00f3mo manejas la frustraci\u00f3n y si podr\u00e1s manejarla en tu nuevo empleo. Aqu\u00ed puedes responder:<\/p>\n\n\n\n<p><em>&#8220;Tomo los fracasos como una oportunidad de aprendizaje. Analizo lo sucedido, identifico lo que puedo mejorar y aplico ese aprendizaje en futuros proyectos<\/em>&#8220;.<\/p>\n\n\n\n<h2 class=\"wp-block-heading\"><strong>11. \u00bfC\u00f3mo te adaptas a los cambios?<\/strong><\/h2>\n\n\n\n<p>Un candidato que se <strong>adapte al cambio es de buen augurio en el \u00e1mbito laboral, a<\/strong> esta pregunta puedes responder:<\/p>\n\n\n\n<p><em>Respuesta: &#8220;Me considero una persona flexible y capaz de adaptarse r\u00e1pidamente a situaciones de cambio, me esfuerzo por entender las nuevas circunstancias y ajustar mi enfoque para seguir siendo eficaz.&#8221;<\/em><\/p>\n\n\n\n<h2 class=\"wp-block-heading\"><strong> 12. \u00bfC\u00f3mo desarrollas tus pendientes y te mantienes organizado?<\/strong><\/h2>\n\n\n\n<p>Mantener un orden para el desarrollo de las tareas diarias en nuestro trabajo. <strong>Optimiza el rendimiento, aqu\u00ed sugerimos investigues aplicaciones que te ayuden con esta tarea, <\/strong>en este caso puedes responder:<\/p>\n\n\n\n<p><em>&nbsp;&#8220;Uso herramientas como planner, que me permiten organizar tareas, hacer un seguimiento del progreso y asegurarme de que todas las fechas l\u00edmite se cumplan.&#8221;<\/em><\/p>\n\n\n\n<h2 class=\"wp-block-heading\"><strong>13. Cu\u00e9ntame sobre un desaf\u00edo en el trabajo y c\u00f3mo lo resolviste.<\/strong><\/h2>\n\n\n\n<p>Los desaf\u00edos se presentan a diario en el \u00e1mbito laboral, saber sortearlos es importante para tu desarrollo como profesional y ser humano. <strong>Responder lo siguiente en tu entrevista te ayudar\u00e1 a dar tu mejor impresi\u00f3n:<\/strong><\/p>\n\n\n\n<p><em>En mi empleo anterior, enfrentamos un retraso significativo en la entrega de un proyecto clave. Tom\u00e9 la iniciativa de reorganizar el cronograma y asignar recursos adicionales, lo que permiti\u00f3 cumplir el plazo final sin sacrificar la calidad.<\/em><\/p>\n\n\n\n<figure class=\"wp-block-image size-full\"><img decoding=\"async\" loading=\"lazy\" width=\"1080\" height=\"1080\" src=\"https:\/\/static.magneto365.com\/wordpress\/2024\/10\/18121022\/5-consejos-para-tus-entrevistas-1.png\" alt=\"\" class=\"wp-image-129000\" srcset=\"https:\/\/static.magneto365.com\/wordpress\/2024\/10\/18121022\/5-consejos-para-tus-entrevistas-1.png 1080w, https:\/\/static.magneto365.com\/wordpress\/2024\/10\/18121022\/5-consejos-para-tus-entrevistas-1-300x300.png 300w, https:\/\/static.magneto365.com\/wordpress\/2024\/10\/18121022\/5-consejos-para-tus-entrevistas-1-150x150.png 150w, https:\/\/static.magneto365.com\/wordpress\/2024\/10\/18121022\/5-consejos-para-tus-entrevistas-1-768x768.png 768w, https:\/\/static.magneto365.com\/wordpress\/2024\/10\/18121022\/5-consejos-para-tus-entrevistas-1-100x100.png 100w\" sizes=\"(max-width: 767px) 89vw, (max-width: 1000px) 54vw, (max-width: 1071px) 543px, 580px\" \/><\/figure>\n\n\n\n<h2 class=\"wp-block-heading\"><strong> 14. \u00bfCu\u00e1l es tu mayor logro profesional?<\/strong><\/h2>\n\n\n\n<p>Aqu\u00ed puedes resaltar tus logros profesionales en lugar de logros personales y usa ejemplos recientes.<\/p>\n\n\n\n<p><em>&#8220;En mi anterior puesto, lider\u00e9 un proyecto que aument\u00f3 la simplicidad de los procesos un 20% con nuestros clientes, lo que result\u00f3 en una mejora significativa en la satisfacci\u00f3n de respuesta para ellos.\u201d<\/em><\/p>\n\n\n\n<h2 class=\"wp-block-heading\"><strong>15. \u00bfC\u00f3mo describes tu trabajo en equipo?<\/strong><\/h2>\n\n\n\n<p>El trabajo en equipo es parte importare en cualquier rol dentro de las organizaciones, esto califica mucho para crecer dentro de una empresa. Puedes usar una respuesta similar a esta:<\/p>\n\n\n\n<p><em>&#8220;Me gusta colaborar y aprender de los dem\u00e1s. Creo que una buena comunicaci\u00f3n y la confianza son claves para lograr los mejores resultados en equipo.&#8221;<\/em><\/p>\n\n\n\n<h2 class=\"wp-block-heading\"><strong> 16. \u00bfQu\u00e9 te motiva a dar lo mejor de ti?<\/strong><\/h2>\n\n\n\n<p>Destaca tus pasiones para lograr tu crecimiento dentro de la empresa y el equipo que te rodea. Una respuesta efectiva puede ser:<\/p>\n\n\n\n<p><em>&nbsp;&#8220;Me motiva ver los resultados de mi trabajo y c\u00f3mo contribuyen al \u00e9xito del equipo. El reconocimiento de mis esfuerzos y el aprendizaje continuo tambi\u00e9n son factores importantes para m\u00ed.&#8221;<\/em><\/p>\n\n\n\n<h2 class=\"wp-block-heading\"><strong>17. \u00bfQu\u00e9 esperas de un supervisor?<\/strong><\/h2>\n\n\n\n<p><strong>Esta es una buena oportunidad para demostrarle al empleador tu reflejo de c\u00f3mo ser un buen l\u00edder,<\/strong> aqu\u00ed puedes rescatar aspectos positivos de tu relaci\u00f3n con tus superiores anteriores.<\/p>\n\n\n\n<p><em>&#8220;Valoro un supervisor que est\u00e9 disponible para brindar orientaci\u00f3n cuando sea necesario, que fomente el crecimiento personal y profesional y que conf\u00ede en mi capacidad para tomar decisiones de su equipo\u201d<\/em><\/p>\n\n\n\n<h2 class=\"wp-block-heading\"><strong> 18.<em> \u00bfQu\u00e9 te diferencia de otros candidatos?<\/em><\/strong><\/h2>\n\n\n\n<p>Aqu\u00ed debes resaltar lo que te diferencia de los otros candidatos, puedes centrarte en tus habilidades y logros que te destaquen como profesional.<\/p>\n\n\n\n<p>&#8220;<em>Mi capacidad para resolver problemas complejos, junto con mi dedicaci\u00f3n y compromiso con la calidad, me hacen destacar. Siempre busco maneras de optimizar procesos y aportar valor adicional<\/em>&#8220;<\/p>\n\n\n\n<h2 class=\"wp-block-heading\"><strong>19. \u00bfD\u00f3nde te ves en tres a\u00f1os?<\/strong><\/h2>\n\n\n\n<p>En esta pregunta puedes crear una intenci\u00f3n de crecimiento profesional y personal, preferiblemente dentro de la organizaci\u00f3n a la que te estas postulando.<\/p>\n\n\n\n<p><em>&#8220;Me gustar\u00eda estar en una posici\u00f3n donde pueda liderar proyectos estrat\u00e9gicos y seguir creciendo tanto profesional como personalmente en una empresa que valore el desarrollo continuo<\/em>&#8220;<\/p>\n\n\n\n<h2 class=\"wp-block-heading\"><strong>20. \u00bfTienes alguna duda para mi o sobre la vacante?<\/strong><\/h2>\n\n\n\n<p><strong>Con esta pregunta entendemos que la entrevista esta por finalizar; <\/strong>aqu\u00ed es importante siempre respondas afirmativamente y aproveches el momento para despejar las dudas que tengas, ya sea de las condiciones de la vacante, la jerarqu\u00eda de la empresa y de tu futuro equipo de trabajo.<\/p>\n\n\n\n<p><em>&#8220;Tengo algunas preguntas. \u00bfPuede contarme m\u00e1s sobre la cultura de la empresa? \u00bfQu\u00e9 tipo de oportunidades de capacitaci\u00f3n y desarrollo est\u00e1n disponibles para los empleados? Me gustar\u00eda saber c\u00f3mo es el equipo con el que estar\u00e9 trabajando y c\u00f3mo esta conformado<\/em>&#8220;.<\/p>\n\n\n\n<h3 class=\"wp-block-heading\">Recordatorio adicional: No olvides que en una entrevista virtual, es fundamental elegir un <em>fondo para entrevista de trabajo<\/em> que refleje profesionalismo<\/h3>\n\n\n\n<p><strong>Ahora que ya sabes c\u00f3mo responder a las 20 preguntas m\u00e1s frecuentes en una entrevista de trabajo, <\/strong>\u00a1reg\u00edstrate en Magneto y accede a miles de ofertas laborales disponibles!<\/p>\n\n\n\n<p><\/p>\n","protected":false},"excerpt":{"rendered":"<p>Descubre las 20 preguntas y respuestas esenciales en una entrevista de trabajo y prep\u00e1rate para destacar frente al reclutador con nuestras recomendaciones<\/p>\n","protected":false},"author":11,"featured_media":128998,"comment_status":"open","ping_status":"open","sticky":false,"template":"","format":"standard","meta":{"_uag_custom_page_level_css":"","footnotes":""},"categories":[11,640],"tags":[478,476,477,141],"acf":{"floating_modal_blog":{"type":"custom","custom_fields":{"background":"","title":"","text":"","background_button":"","text_button":"","text_color":"","url_button":""}},"image_before_title":{"activate_generic_banner":false}},"contentshake_article_id":"","uagb_featured_image_src":{"full":["https:\/\/static.magneto365.com\/wordpress\/2024\/10\/18120800\/20-preguntas-y-respuestas.png",828,466,false],"thumbnail":["https:\/\/static.magneto365.com\/wordpress\/2024\/10\/18120800\/20-preguntas-y-respuestas-150x150.png",150,150,true],"medium":["https:\/\/static.magneto365.com\/wordpress\/2024\/10\/18120800\/20-preguntas-y-respuestas-300x169.png",300,169,true],"medium_large":["https:\/\/static.magneto365.com\/wordpress\/2024\/10\/18120800\/20-preguntas-y-respuestas-768x432.png",525,295,true],"large":["https:\/\/static.magneto365.com\/wordpress\/2024\/10\/18120800\/20-preguntas-y-respuestas.png",525,295,false],"1536x1536":["https:\/\/static.magneto365.com\/wordpress\/2024\/10\/18120800\/20-preguntas-y-respuestas.png",828,466,false],"2048x2048":["https:\/\/static.magneto365.com\/wordpress\/2024\/10\/18120800\/20-preguntas-y-respuestas.png",828,466,false],"twentyseventeen-featured-image":["https:\/\/static.magneto365.com\/wordpress\/2024\/10\/18120800\/20-preguntas-y-respuestas.png",828,466,false],"twentyseventeen-thumbnail-avatar":["https:\/\/static.magneto365.com\/wordpress\/2024\/10\/18120800\/20-preguntas-y-respuestas-100x100.png",100,100,true]},"uagb_author_info":{"display_name":"Nicolle Pacacira","author_link":"https:\/\/www.magneto365.com\/manager\/author\/nramirez\/"},"uagb_comment_info":0,"uagb_excerpt":"Descubre las 20 preguntas y respuestas esenciales en una entrevista de trabajo y prep\u00e1rate para destacar frente al reclutador con nuestras recomendaciones","_links":{"self":[{"href":"https:\/\/www.magneto365.com\/manager\/wp-json\/wp\/v2\/posts\/128994"}],"collection":[{"href":"https:\/\/www.magneto365.com\/manager\/wp-json\/wp\/v2\/posts"}],"about":[{"href":"https:\/\/www.magneto365.com\/manager\/wp-json\/wp\/v2\/types\/post"}],"author":[{"embeddable":true,"href":"https:\/\/www.magneto365.com\/manager\/wp-json\/wp\/v2\/users\/11"}],"replies":[{"embeddable":true,"href":"https:\/\/www.magneto365.com\/manager\/wp-json\/wp\/v2\/comments?post=128994"}],"version-history":[{"count":5,"href":"https:\/\/www.magneto365.com\/manager\/wp-json\/wp\/v2\/posts\/128994\/revisions"}],"predecessor-version":[{"id":131051,"href":"https:\/\/www.magneto365.com\/manager\/wp-json\/wp\/v2\/posts\/128994\/revisions\/131051"}],"wp:featuredmedia":[{"embeddable":true,"href":"https:\/\/www.magneto365.com\/manager\/wp-json\/wp\/v2\/media\/128998"}],"wp:attachment":[{"href":"https:\/\/www.magneto365.com\/manager\/wp-json\/wp\/v2\/media?parent=128994"}],"wp:term":[{"taxonomy":"category","embeddable":true,"href":"https:\/\/www.magneto365.com\/manager\/wp-json\/wp\/v2\/categories?post=128994"},{"taxonomy":"post_tag","embeddable":true,"href":"https:\/\/www.magneto365.com\/manager\/wp-json\/wp\/v2\/tags?post=128994"}],"curies":[{"name":"wp","href":"https:\/\/api.w.org\/{rel}","templated":true}]}}