{"id":130599,"date":"2025-04-04T06:30:00","date_gmt":"2025-04-04T11:30:00","guid":{"rendered":"https:\/\/www.magneto365.com\/manager\/?p=130599"},"modified":"2025-08-29T19:04:15","modified_gmt":"2025-08-30T00:04:15","slug":"dia-trabajo-celebracion-festivo","status":"publish","type":"post","link":"https:\/\/www.magneto365.com\/manager\/dia-trabajo-celebracion-festivo\/","title":{"rendered":"Los or\u00edgenes del D\u00eda del Trabajo en el mundo: historia y significado"},"content":{"rendered":"\n<p>Cada <strong>1 de mayo, D\u00eda del Trabajo<\/strong>, millones de personas en todo el mundo conmemoran la lucha de los trabajadores por condiciones justas y dignas. M\u00e1s que un simple d\u00eda festivo, esta fecha recuerda la importancia de los derechos laborales y el valor del esfuerzo humano en la construcci\u00f3n de sociedades m\u00e1s equitativas.<\/p>\n\n\n\n<p>En este art\u00edculo conocer\u00e1s <strong>la historia del D\u00eda del Trabajo, c\u00f3mo se celebra en diferentes pa\u00edses, frases para compartir, actividades conmemorativas y reflexiones sobre el futuro del empleo<\/strong>.<\/p>\n\n\n\n<h2 class=\"wp-block-heading\"><strong>Origen y significado del D\u00eda del Trabajo<\/strong><\/h2>\n\n\n\n<p>Remont\u00e9monos al siglo XIX, espec\u00edficamente<strong> el 01 de mayo de 1886 en Chicago un grupo de trabajadores se reuni\u00f3 para salir a marchar<\/strong> y exigir condiciones laborales justas y dignas, como la <a href=\"https:\/\/www.magneto365.com\/es\/blog\/cuanto-cuesta-la-hora-de-trabajo-colombia\">reducci\u00f3n de jornada<\/a> a 8 horas, pues, para esa \u00e9poca los obreros trabajan m\u00e1s de 18 horas diarias.<\/p>\n\n\n\n<p>Lo que comenz\u00f3 como una marcha pac\u00edfica termin\u00f3 con la tragedia de <strong>Haymarket<\/strong>, en la que varios manifestantes perdieron la vida. Desde entonces, este suceso se convirti\u00f3 en s\u00edmbolo de la lucha obrera y se extendi\u00f3 al resto del mundo.<\/p>\n\n\n\n<p>\ud83d\udc49 Aunque en Estados Unidos y Canad\u00e1 celebran el \u201cLabor Day\u201d en septiembre, en la mayor\u00eda de pa\u00edses \u2014incluido Colombia\u2014 se conmemora el <strong>D\u00eda del Trabajo cada 1 de mayo<\/strong>.<\/p>\n\n\n\n<p><strong>Importancia de esta fecha:<\/strong><\/p>\n\n\n\n<ul>\n<li>Reconocer los avances laborales logrados.<\/li>\n\n\n\n<li>Recordar que a\u00fan existen desaf\u00edos en la b\u00fasqueda de condiciones justas.<\/li>\n\n\n\n<li>Fomentar la unidad entre trabajadores y empleadores.<\/li>\n<\/ul>\n\n\n\n<h2 class=\"wp-block-heading\"><strong>Importancia y relevancia de este d\u00eda<\/strong><\/h2>\n\n\n\n<p>M\u00e1s all\u00e1 de ser un d\u00eda festivo, <strong>esta fecha nos recuerda la importancia de seguir luchando por condiciones laborales justas<\/strong>, salarios dignos y derechos fundamentales en el trabajo. Por eso en Magneto, <a href=\"https:\/\/www.magneto365.com\/co\/empleos?f_magneto=1&amp;utm_source=blog&amp;utm_medium=organic&amp;utm_campaign=magneto&amp;utm_content=post-47-20240315-vacantes-laborales\">somos el puente para conectarte con excelentes empresas<\/a>, en donde valoran tu esfuerzo y dedicaci\u00f3n.<\/p>\n\n\n\n<p>Recuerda que este d\u00eda es una<strong> oportunidad para reconocer el esfuerzo de millones de trabajadores<\/strong> que hacen posible el funcionamiento de nuestra sociedad.<\/p>\n\n\n\n<h2 class=\"wp-block-heading\"><strong>Diferencias del d\u00eda del trabajo en Colombia VS otros pa\u00edses<\/strong><\/h2>\n\n\n\n<p>Si bien el 1 de mayo es un d\u00eda emblem\u00e1tico en la mayor\u00eda de los pa\u00edses, cada naci\u00f3n tiene sus propias tradiciones:<\/p>\n\n\n\n<figure class=\"wp-block-table is-style-regular\"><table><thead><tr><th><strong>Pa\u00eds<\/strong><\/th><th><strong>Tradici\u00f3n<\/strong><\/th><\/tr><\/thead><tbody><tr><td><strong>Colombia<\/strong><\/td><td>Se realizan marchas y eventos sindicales para conmemorar la lucha obrera.<\/td><\/tr><tr><td><strong>Espa\u00f1a<\/strong><\/td><td>Sindicatos y trabajadores salen a las calles para exigen mejoras laborales.<\/td><\/tr><tr><td><strong>M\u00e9xico<\/strong><\/td><td>Se conmemora con desfiles y actos oficiales.<\/td><\/tr><tr><td><strong>Estados Unidos y Canad\u00e1<\/strong><\/td><td>Celebran el \u201cLabor Day\u201d el primer lunes de septiembre.<\/td><\/tr><\/tbody><\/table><\/figure>\n\n\n\n<h2 class=\"wp-block-heading\"><strong>Impacto del D\u00eda del Trabajo en el \u00e1mbito laboral<\/strong><\/h2>\n\n\n\n<p>El <strong>D\u00eda del Trabajo en Colombia y el mundo<\/strong> tiene un profundo significado:<\/p>\n\n\n\n<ul>\n<li>Resalta la importancia del <strong>trabajo digno<\/strong> como motor de la sociedad.<\/li>\n\n\n\n<li>Genera conciencia sobre el respeto a los derechos laborales.<\/li>\n\n\n\n<li>Promueve el debate sobre <strong>nuevas din\u00e1micas de empleo<\/strong>, como el teletrabajo y la econom\u00eda digital.<\/li>\n<\/ul>\n\n\n\n<h2 class=\"wp-block-heading\"><strong>15 Frases del d\u00eda del trabajo para que puedas descargar y compartir<\/strong><\/h2>\n\n\n\n<p>Celebra este d\u00eda con frases motivacionales para quienes te inspiran, <strong>descarga la que m\u00e1s te guste<\/strong> y comparte con tu gremio de trabajadores:<\/p>\n\n\n\n<div class=\"wp-block-uagb-slider uagb-block-fc9a5759 uagb-slider-container\"><div class=\"uagb-slides uagb-swiper\"><div class=\"swiper-wrapper\">\n<div class=\"wp-block-uagb-slider-child uagb-slider-child-wrap swiper-slide uagb-block-4d528e11\"><div class=\"swiper-content\">\n<div class=\"wp-block-uagb-container uagb-block-fbbbf8dd alignfull uagb-is-root-container\"><div class=\"uagb-container-inner-blocks-wrap\">\n<figure class=\"wp-block-image size-full\"><img decoding=\"async\" loading=\"lazy\" width=\"828\" height=\"466\" src=\"https:\/\/static.magneto365.com\/wordpress\/2025\/04\/04015317\/Frases-del-dia-del-trabajo-2.png\" alt=\"Frases del d\u00eda del trabajo \" class=\"wp-image-130601\" style=\"object-fit:cover\" srcset=\"https:\/\/static.magneto365.com\/wordpress\/2025\/04\/04015317\/Frases-del-dia-del-trabajo-2.png 828w, https:\/\/static.magneto365.com\/wordpress\/2025\/04\/04015317\/Frases-del-dia-del-trabajo-2-300x169.png 300w, https:\/\/static.magneto365.com\/wordpress\/2025\/04\/04015317\/Frases-del-dia-del-trabajo-2-768x432.png 768w\" sizes=\"(max-width: 767px) 89vw, (max-width: 1000px) 54vw, (max-width: 1071px) 543px, 580px\" \/><\/figure>\n\n\n\n<div class=\"wp-block-buttons is-content-justification-center is-layout-flex wp-container-1 wp-block-buttons-is-layout-flex\">\n<div class=\"wp-block-button is-style-outline\"><a class=\"wp-block-button__link wp-element-button\" href=\"https:\/\/static.magneto365.com\/wordpress\/2025\/04\/04015317\/Frases-del-dia-del-trabajo-2.png\">Descargar imagen<\/a><\/div>\n<\/div>\n<\/div><\/div>\n<\/div><\/div>\n\n\n\n<div class=\"wp-block-uagb-slider-child uagb-slider-child-wrap swiper-slide uagb-block-c69cfbb9\"><div class=\"swiper-content\">\n<div class=\"wp-block-uagb-container uagb-block-dcefce06 alignfull uagb-is-root-container\"><div class=\"uagb-container-inner-blocks-wrap\">\n<figure class=\"wp-block-image size-full\"><img decoding=\"async\" loading=\"lazy\" width=\"828\" height=\"466\" src=\"https:\/\/static.magneto365.com\/wordpress\/2025\/04\/04015609\/Frases-del-dia-del-trabajo-3.png\" alt=\"Frases del d\u00eda del trabajo (3)\" class=\"wp-image-130602\" srcset=\"https:\/\/static.magneto365.com\/wordpress\/2025\/04\/04015609\/Frases-del-dia-del-trabajo-3.png 828w, https:\/\/static.magneto365.com\/wordpress\/2025\/04\/04015609\/Frases-del-dia-del-trabajo-3-300x169.png 300w, https:\/\/static.magneto365.com\/wordpress\/2025\/04\/04015609\/Frases-del-dia-del-trabajo-3-768x432.png 768w\" sizes=\"(max-width: 767px) 89vw, (max-width: 1000px) 54vw, (max-width: 1071px) 543px, 580px\" \/><\/figure>\n<\/div><\/div>\n\n\n<a class=\"button-download\" href=\"https:\/\/static.magneto365.com\/wordpress\/2025\/04\/04015609\/Frases-del-dia-del-trabajo-3.png\" target=\"_blank\" download>\n  <span>Descargar Imagen<\/span>\n  <i class=\"las la-arrow-down\"><\/i>\n<\/a>\t\t<style>.button-download {\n    padding: 8px 15px 8px 15px;\n    border-radius: 25px;\n    width: max-content;\n    margin: 0 auto;\n    display: flex;\n    gap: 1.5rem;\n    font-size: 20px;\n    justify-content: space-between;\n    position: relative;\n    background-color: #f0f1f3 !important;\n    font-weight: 400;\n    color: #001B38 !important;\n    transition: 0.3s;\n    border: 1px solid #001B38;\n    height: auto;\n    \n    i {\n        background: white;\n        font-size: 18px;\n        color: #001B38;\n        width: 30px;\n        height: 30px;\n        border-radius: 25px;\n        display: grid;\n        place-items: center;\n        border: 1px solid #001B38;\n    }\n}\n\n.button-download:hover {\n    color: #f0f1f3 !important;\n    background-color: #001B38 !important;\n    i {\n        color: #001B38 !important;\n    }\n}<\/style>\n\t\t<\/div><\/div>\n\n\n\n<div class=\"wp-block-uagb-slider-child uagb-slider-child-wrap swiper-slide uagb-block-b916488c\"><div class=\"swiper-content\">\n<div class=\"wp-block-uagb-container uagb-block-090a847a alignfull uagb-is-root-container\"><div class=\"uagb-container-inner-blocks-wrap\">\n<figure class=\"wp-block-image size-full\"><img decoding=\"async\" loading=\"lazy\" width=\"828\" height=\"466\" src=\"https:\/\/static.magneto365.com\/wordpress\/2025\/04\/04015655\/Frases-del-dia-del-trabajo-4.png\" alt=\"Frases del d\u00eda del trabajo (4)\" class=\"wp-image-130603\" srcset=\"https:\/\/static.magneto365.com\/wordpress\/2025\/04\/04015655\/Frases-del-dia-del-trabajo-4.png 828w, https:\/\/static.magneto365.com\/wordpress\/2025\/04\/04015655\/Frases-del-dia-del-trabajo-4-300x169.png 300w, https:\/\/static.magneto365.com\/wordpress\/2025\/04\/04015655\/Frases-del-dia-del-trabajo-4-768x432.png 768w\" sizes=\"(max-width: 767px) 89vw, (max-width: 1000px) 54vw, (max-width: 1071px) 543px, 580px\" \/><\/figure>\n<\/div><\/div>\n\n\n<a class=\"button-download\" href=\"https:\/\/static.magneto365.com\/wordpress\/2025\/04\/04015655\/Frases-del-dia-del-trabajo-4.png\" target=\"_blank\" download>\n  <span>Descargar Imagen<\/span>\n  <i class=\"las la-arrow-down\"><\/i>\n<\/a><\/div><\/div>\n\n\n\n<div class=\"wp-block-uagb-slider-child uagb-slider-child-wrap swiper-slide uagb-block-865e0095\"><div class=\"swiper-content\">\n<div class=\"wp-block-uagb-container uagb-block-3df836d1 alignfull uagb-is-root-container\"><div class=\"uagb-container-inner-blocks-wrap\">\n<figure class=\"wp-block-image size-full is-resized\"><img decoding=\"async\" loading=\"lazy\" src=\"https:\/\/static.magneto365.com\/wordpress\/2025\/04\/04015729\/Frases-del-dia-del-trabajo-5.png\" alt=\"Frases del d\u00eda del trabajo (5)\" class=\"wp-image-130604\" style=\"width:594px;height:334px\" width=\"594\" height=\"334\" srcset=\"https:\/\/static.magneto365.com\/wordpress\/2025\/04\/04015729\/Frases-del-dia-del-trabajo-5.png 828w, https:\/\/static.magneto365.com\/wordpress\/2025\/04\/04015729\/Frases-del-dia-del-trabajo-5-300x169.png 300w, https:\/\/static.magneto365.com\/wordpress\/2025\/04\/04015729\/Frases-del-dia-del-trabajo-5-768x432.png 768w\" sizes=\"(max-width: 594px) 100vw, 594px\" \/><\/figure>\n<\/div><\/div>\n\n\n<a class=\"button-download\" href=\"https:\/\/static.magneto365.com\/wordpress\/2025\/04\/04015729\/Frases-del-dia-del-trabajo-5.png\" target=\"_blank\" download>\n  <span>Descargar Imagen<\/span>\n  <i class=\"las la-arrow-down\"><\/i>\n<\/a><\/div><\/div>\n\n\n\n<div class=\"wp-block-uagb-slider-child uagb-slider-child-wrap swiper-slide uagb-block-cc252763\"><div class=\"swiper-content\">\n<figure class=\"wp-block-image size-full\"><img decoding=\"async\" loading=\"lazy\" width=\"828\" height=\"466\" src=\"https:\/\/static.magneto365.com\/wordpress\/2025\/04\/04015815\/Frases-del-dia-del-trabajo-6.png\" alt=\"Frases del d\u00eda del trabajo (6)\" class=\"wp-image-130605\" srcset=\"https:\/\/static.magneto365.com\/wordpress\/2025\/04\/04015815\/Frases-del-dia-del-trabajo-6.png 828w, https:\/\/static.magneto365.com\/wordpress\/2025\/04\/04015815\/Frases-del-dia-del-trabajo-6-300x169.png 300w, https:\/\/static.magneto365.com\/wordpress\/2025\/04\/04015815\/Frases-del-dia-del-trabajo-6-768x432.png 768w\" sizes=\"(max-width: 767px) 89vw, (max-width: 1000px) 54vw, (max-width: 1071px) 543px, 580px\" \/><\/figure>\n\n\n<a class=\"button-download\" href=\"https:\/\/static.magneto365.com\/wordpress\/2025\/04\/04015815\/Frases-del-dia-del-trabajo-6.png\" target=\"_blank\" download>\n  <span>Descargar Imagen<\/span>\n  <i class=\"las la-arrow-down\"><\/i>\n<\/a><\/div><\/div>\n\n\n\n<div class=\"wp-block-uagb-slider-child uagb-slider-child-wrap swiper-slide uagb-block-f0078fea\"><div class=\"swiper-content\">\n<div class=\"wp-block-uagb-container uagb-block-49d67934 alignfull uagb-is-root-container\"><div class=\"uagb-container-inner-blocks-wrap\">\n<figure class=\"wp-block-image size-full\"><img decoding=\"async\" loading=\"lazy\" width=\"828\" height=\"466\" src=\"https:\/\/static.magneto365.com\/wordpress\/2025\/04\/04015905\/Frases-del-dia-del-trabajo-7.png\" alt=\"Frases del d\u00eda del trabajo (7)\" class=\"wp-image-130606\" srcset=\"https:\/\/static.magneto365.com\/wordpress\/2025\/04\/04015905\/Frases-del-dia-del-trabajo-7.png 828w, https:\/\/static.magneto365.com\/wordpress\/2025\/04\/04015905\/Frases-del-dia-del-trabajo-7-300x169.png 300w, https:\/\/static.magneto365.com\/wordpress\/2025\/04\/04015905\/Frases-del-dia-del-trabajo-7-768x432.png 768w\" sizes=\"(max-width: 767px) 89vw, (max-width: 1000px) 54vw, (max-width: 1071px) 543px, 580px\" \/><\/figure>\n<\/div><\/div>\n\n\n<a class=\"button-download\" href=\"https:\/\/static.magneto365.com\/wordpress\/2025\/04\/04015905\/Frases-del-dia-del-trabajo-7.png\" target=\"_blank\" download>\n  <span>Descargar Imagen<\/span>\n  <i class=\"las la-arrow-down\"><\/i>\n<\/a><\/div><\/div>\n\n\n\n<div class=\"wp-block-uagb-slider-child uagb-slider-child-wrap swiper-slide uagb-block-8ea5ae44\"><div class=\"swiper-content\">\n<div class=\"wp-block-uagb-container uagb-block-fa05a671 alignfull uagb-is-root-container\"><div class=\"uagb-container-inner-blocks-wrap\">\n<figure class=\"wp-block-image size-full\"><img decoding=\"async\" loading=\"lazy\" width=\"828\" height=\"466\" src=\"https:\/\/static.magneto365.com\/wordpress\/2025\/04\/04015948\/Frases-del-dia-del-trabajo-8.png\" alt=\"Frases del d\u00eda del trabajo (8)\" class=\"wp-image-130607\" srcset=\"https:\/\/static.magneto365.com\/wordpress\/2025\/04\/04015948\/Frases-del-dia-del-trabajo-8.png 828w, https:\/\/static.magneto365.com\/wordpress\/2025\/04\/04015948\/Frases-del-dia-del-trabajo-8-300x169.png 300w, https:\/\/static.magneto365.com\/wordpress\/2025\/04\/04015948\/Frases-del-dia-del-trabajo-8-768x432.png 768w\" sizes=\"(max-width: 767px) 89vw, (max-width: 1000px) 54vw, (max-width: 1071px) 543px, 580px\" \/><\/figure>\n<\/div><\/div>\n\n\n<a class=\"button-download\" href=\"https:\/\/static.magneto365.com\/wordpress\/2025\/04\/04015948\/Frases-del-dia-del-trabajo-8.png\" target=\"_blank\" download>\n  <span>Descargar Imagen<\/span>\n  <i class=\"las la-arrow-down\"><\/i>\n<\/a><\/div><\/div>\n\n\n\n<div class=\"wp-block-uagb-slider-child uagb-slider-child-wrap swiper-slide uagb-block-aed81e36\"><div class=\"swiper-content\">\n<div class=\"wp-block-uagb-container uagb-block-2afbcaf9 alignfull uagb-is-root-container\"><div class=\"uagb-container-inner-blocks-wrap\">\n<figure class=\"wp-block-image size-full\"><img decoding=\"async\" loading=\"lazy\" width=\"828\" height=\"466\" src=\"https:\/\/static.magneto365.com\/wordpress\/2025\/04\/04020054\/Frases-del-dia-del-trabajo.png\" alt=\"Frases del d\u00eda del trabajo\" class=\"wp-image-130608\" srcset=\"https:\/\/static.magneto365.com\/wordpress\/2025\/04\/04020054\/Frases-del-dia-del-trabajo.png 828w, https:\/\/static.magneto365.com\/wordpress\/2025\/04\/04020054\/Frases-del-dia-del-trabajo-300x169.png 300w, https:\/\/static.magneto365.com\/wordpress\/2025\/04\/04020054\/Frases-del-dia-del-trabajo-768x432.png 768w\" sizes=\"(max-width: 767px) 89vw, (max-width: 1000px) 54vw, (max-width: 1071px) 543px, 580px\" \/><\/figure>\n<\/div><\/div>\n\n\n<a class=\"button-download\" href=\"https:\/\/static.magneto365.com\/wordpress\/2025\/04\/04020054\/Frases-del-dia-del-trabajo.png\" target=\"_blank\" download>\n  <span>Descargar Imagen<\/span>\n  <i class=\"las la-arrow-down\"><\/i>\n<\/a><\/div><\/div>\n\n\n\n<div class=\"wp-block-uagb-slider-child uagb-slider-child-wrap swiper-slide uagb-block-74218716\"><div class=\"swiper-content\">\n<div class=\"wp-block-uagb-container uagb-block-2dd6b7d9 alignfull uagb-is-root-container\"><div class=\"uagb-container-inner-blocks-wrap\">\n<figure class=\"wp-block-image size-full\"><img decoding=\"async\" loading=\"lazy\" width=\"828\" height=\"466\" src=\"https:\/\/static.magneto365.com\/wordpress\/2025\/04\/04020214\/Frases-para-el-dia-del-trabajador-3.png\" alt=\"Frases para el d\u00eda del trabajador (3)\" class=\"wp-image-130609\" srcset=\"https:\/\/static.magneto365.com\/wordpress\/2025\/04\/04020214\/Frases-para-el-dia-del-trabajador-3.png 828w, https:\/\/static.magneto365.com\/wordpress\/2025\/04\/04020214\/Frases-para-el-dia-del-trabajador-3-300x169.png 300w, https:\/\/static.magneto365.com\/wordpress\/2025\/04\/04020214\/Frases-para-el-dia-del-trabajador-3-768x432.png 768w\" sizes=\"(max-width: 767px) 89vw, (max-width: 1000px) 54vw, (max-width: 1071px) 543px, 580px\" \/><\/figure>\n<\/div><\/div>\n\n\n<a class=\"button-download\" href=\"https:\/\/static.magneto365.com\/wordpress\/2025\/04\/04020214\/Frases-para-el-dia-del-trabajador-3.png\" target=\"_blank\" download>\n  <span>Descargar Imagen<\/span>\n  <i class=\"las la-arrow-down\"><\/i>\n<\/a><\/div><\/div>\n\n\n\n<div class=\"wp-block-uagb-slider-child uagb-slider-child-wrap swiper-slide uagb-block-b17d2aeb\"><div class=\"swiper-content\">\n<div class=\"wp-block-uagb-container uagb-block-1d44a60c alignfull uagb-is-root-container\"><div class=\"uagb-container-inner-blocks-wrap\">\n<figure class=\"wp-block-image size-full is-resized\"><img decoding=\"async\" loading=\"lazy\" src=\"https:\/\/static.magneto365.com\/wordpress\/2025\/04\/04020317\/Frases-para-el-dia-del-trabajador-2.png\" alt=\"Frases para el d\u00eda del trabajador (2)\" class=\"wp-image-130610\" style=\"width:592px;height:333px\" width=\"592\" height=\"333\" srcset=\"https:\/\/static.magneto365.com\/wordpress\/2025\/04\/04020317\/Frases-para-el-dia-del-trabajador-2.png 828w, https:\/\/static.magneto365.com\/wordpress\/2025\/04\/04020317\/Frases-para-el-dia-del-trabajador-2-300x169.png 300w, https:\/\/static.magneto365.com\/wordpress\/2025\/04\/04020317\/Frases-para-el-dia-del-trabajador-2-768x432.png 768w\" sizes=\"(max-width: 592px) 100vw, 592px\" \/><\/figure>\n<\/div><\/div>\n\n\n<a class=\"button-download\" href=\"https:\/\/static.magneto365.com\/wordpress\/2025\/04\/04020317\/Frases-para-el-dia-del-trabajador-2.png\" target=\"_blank\" download>\n  <span>Descargar Imagen<\/span>\n  <i class=\"las la-arrow-down\"><\/i>\n<\/a><\/div><\/div>\n\n\n\n<div class=\"wp-block-uagb-slider-child uagb-slider-child-wrap swiper-slide uagb-block-932183d6\"><div class=\"swiper-content\">\n<div class=\"wp-block-uagb-container uagb-block-3c323176 alignfull uagb-is-root-container\"><div class=\"uagb-container-inner-blocks-wrap\">\n<figure class=\"wp-block-image size-full\"><img decoding=\"async\" loading=\"lazy\" width=\"828\" height=\"466\" src=\"https:\/\/static.magneto365.com\/wordpress\/2025\/04\/04020352\/Frases-para-el-dia-del-trabajador.png\" alt=\"Frases para el d\u00eda del trabajador\" class=\"wp-image-130611\" srcset=\"https:\/\/static.magneto365.com\/wordpress\/2025\/04\/04020352\/Frases-para-el-dia-del-trabajador.png 828w, https:\/\/static.magneto365.com\/wordpress\/2025\/04\/04020352\/Frases-para-el-dia-del-trabajador-300x169.png 300w, https:\/\/static.magneto365.com\/wordpress\/2025\/04\/04020352\/Frases-para-el-dia-del-trabajador-768x432.png 768w\" sizes=\"(max-width: 767px) 89vw, (max-width: 1000px) 54vw, (max-width: 1071px) 543px, 580px\" \/><\/figure>\n<\/div><\/div>\n\n\n<a class=\"button-download\" href=\"https:\/\/static.magneto365.com\/wordpress\/2025\/04\/04020352\/Frases-para-el-dia-del-trabajador.png\" target=\"_blank\" download>\n  <span>Descargar Imagen<\/span>\n  <i class=\"las la-arrow-down\"><\/i>\n<\/a><\/div><\/div>\n\n\n\n<div class=\"wp-block-uagb-slider-child uagb-slider-child-wrap swiper-slide uagb-block-7f684ca1\"><div class=\"swiper-content\">\n<div class=\"wp-block-uagb-container uagb-block-09fa8854 alignfull uagb-is-root-container\"><div class=\"uagb-container-inner-blocks-wrap\">\n<figure class=\"wp-block-image size-full\"><img decoding=\"async\" loading=\"lazy\" width=\"828\" height=\"466\" src=\"https:\/\/static.magneto365.com\/wordpress\/2025\/04\/04020454\/mensajes-del-dia-del-trabajo-2-1.png\" alt=\"mensajes del dia del trabajo (2)\" class=\"wp-image-130613\" srcset=\"https:\/\/static.magneto365.com\/wordpress\/2025\/04\/04020454\/mensajes-del-dia-del-trabajo-2-1.png 828w, https:\/\/static.magneto365.com\/wordpress\/2025\/04\/04020454\/mensajes-del-dia-del-trabajo-2-1-300x169.png 300w, https:\/\/static.magneto365.com\/wordpress\/2025\/04\/04020454\/mensajes-del-dia-del-trabajo-2-1-768x432.png 768w\" sizes=\"(max-width: 767px) 89vw, (max-width: 1000px) 54vw, (max-width: 1071px) 543px, 580px\" \/><\/figure>\n<\/div><\/div>\n\n\n<a class=\"button-download\" href=\"https:\/\/static.magneto365.com\/wordpress\/2025\/04\/04020454\/mensajes-del-dia-del-trabajo-2-1.png\" target=\"_blank\" download>\n  <span>Descargar Imagen<\/span>\n  <i class=\"las la-arrow-down\"><\/i>\n<\/a><\/div><\/div>\n\n\n\n<div class=\"wp-block-uagb-slider-child uagb-slider-child-wrap swiper-slide uagb-block-a3cd4dd8\"><div class=\"swiper-content\">\n<div class=\"wp-block-uagb-container uagb-block-ef5580d0 alignfull uagb-is-root-container\"><div class=\"uagb-container-inner-blocks-wrap\">\n<figure class=\"wp-block-image size-full\"><img decoding=\"async\" loading=\"lazy\" width=\"828\" height=\"466\" src=\"https:\/\/static.magneto365.com\/wordpress\/2025\/04\/04020543\/mensajes-del-dia-del-trabajo-3.png\" alt=\"mensajes del dia del trabajo (3)\" class=\"wp-image-130614\" srcset=\"https:\/\/static.magneto365.com\/wordpress\/2025\/04\/04020543\/mensajes-del-dia-del-trabajo-3.png 828w, https:\/\/static.magneto365.com\/wordpress\/2025\/04\/04020543\/mensajes-del-dia-del-trabajo-3-300x169.png 300w, https:\/\/static.magneto365.com\/wordpress\/2025\/04\/04020543\/mensajes-del-dia-del-trabajo-3-768x432.png 768w\" sizes=\"(max-width: 767px) 89vw, (max-width: 1000px) 54vw, (max-width: 1071px) 543px, 580px\" \/><\/figure>\n<\/div><\/div>\n\n\n<a class=\"button-download\" href=\"https:\/\/static.magneto365.com\/wordpress\/2025\/04\/04020543\/mensajes-del-dia-del-trabajo-3.png\" target=\"_blank\" download>\n  <span>Descargar Imagen<\/span>\n  <i class=\"las la-arrow-down\"><\/i>\n<\/a><\/div><\/div>\n\n\n\n<div class=\"wp-block-uagb-slider-child uagb-slider-child-wrap swiper-slide uagb-block-8ebf8091\"><div class=\"swiper-content\">\n<div class=\"wp-block-uagb-container uagb-block-a22ce6e5 alignfull uagb-is-root-container\"><div class=\"uagb-container-inner-blocks-wrap\">\n<figure class=\"wp-block-image size-full is-resized\"><img decoding=\"async\" loading=\"lazy\" src=\"https:\/\/static.magneto365.com\/wordpress\/2025\/04\/04020625\/mensajes-del-dia-del-trabajo-4.png\" alt=\"mensajes del dia del trabajo (4)\" class=\"wp-image-130615\" style=\"width:592px;height:333px\" width=\"592\" height=\"333\" srcset=\"https:\/\/static.magneto365.com\/wordpress\/2025\/04\/04020625\/mensajes-del-dia-del-trabajo-4.png 828w, https:\/\/static.magneto365.com\/wordpress\/2025\/04\/04020625\/mensajes-del-dia-del-trabajo-4-300x169.png 300w, https:\/\/static.magneto365.com\/wordpress\/2025\/04\/04020625\/mensajes-del-dia-del-trabajo-4-768x432.png 768w\" sizes=\"(max-width: 592px) 100vw, 592px\" \/><\/figure>\n<\/div><\/div>\n\n\n<a class=\"button-download\" href=\"https:\/\/static.magneto365.com\/wordpress\/2025\/04\/04020625\/mensajes-del-dia-del-trabajo-4.png\" target=\"_blank\" download>\n  <span>Descargar Imagen<\/span>\n  <i class=\"las la-arrow-down\"><\/i>\n<\/a><\/div><\/div>\n\n\n\n<div class=\"wp-block-uagb-slider-child uagb-slider-child-wrap swiper-slide uagb-block-a77eb74b\"><div class=\"swiper-content\">\n<div class=\"wp-block-uagb-container uagb-block-b8dc67a0 alignfull uagb-is-root-container\"><div class=\"uagb-container-inner-blocks-wrap\">\n<figure class=\"wp-block-image size-full\"><img decoding=\"async\" loading=\"lazy\" width=\"828\" height=\"466\" src=\"https:\/\/static.magneto365.com\/wordpress\/2025\/04\/04020713\/mensajes-del-dia-del-trabajo.png\" alt=\"mensajes del d\u00eda del trabajo\" class=\"wp-image-130616\" srcset=\"https:\/\/static.magneto365.com\/wordpress\/2025\/04\/04020713\/mensajes-del-dia-del-trabajo.png 828w, https:\/\/static.magneto365.com\/wordpress\/2025\/04\/04020713\/mensajes-del-dia-del-trabajo-300x169.png 300w, https:\/\/static.magneto365.com\/wordpress\/2025\/04\/04020713\/mensajes-del-dia-del-trabajo-768x432.png 768w\" sizes=\"(max-width: 767px) 89vw, (max-width: 1000px) 54vw, (max-width: 1071px) 543px, 580px\" \/><\/figure>\n<\/div><\/div>\n\n\n<a class=\"button-download\" href=\"https:\/\/static.magneto365.com\/wordpress\/2025\/04\/04020713\/mensajes-del-dia-del-trabajo.png\" target=\"_blank\" download>\n  <span>Descargar Imagen<\/span>\n  <i class=\"las la-arrow-down\"><\/i>\n<\/a><\/div><\/div>\n<\/div><\/div><div class=\"swiper-pagination\"><\/div><div class=\"swiper-button-prev\"><\/div><div class=\"swiper-button-next\"><\/div><\/div>\n\n\n\n<h2 class=\"wp-block-heading\"><strong>Actividades y eventos para celebrar el D\u00eda del Trabajo<\/strong><\/h2>\n\n\n\n<p>M\u00e1s all\u00e1 de asistir a marchas o actos oficiales, puedes conmemorar este d\u00eda con acciones significativas:<\/p>\n\n\n\n<ul>\n<li>Participar en charlas sobre derechos laborales.<\/li>\n\n\n\n<li>Organizar actividades de integraci\u00f3n en tu empresa.<\/li>\n\n\n\n<li>Compartir en redes <strong>frases del D\u00eda del Trabajo<\/strong> como:\n<ul>\n<li><em>\u201cFeliz D\u00eda del Trabajo a quienes hacen del esfuerzo su mayor virtud\u201d<\/em>.<\/li>\n\n\n\n<li><em>\u201cEl trabajo dignifica, el esfuerzo transforma\u201d<\/em>.<\/li>\n<\/ul>\n<\/li>\n\n\n\n<li>Usar im\u00e1genes o <strong>dibujos del D\u00eda del Trabajo<\/strong> para acompa\u00f1ar tus publicaciones.<\/li>\n<\/ul>\n\n\n\n<h2 class=\"wp-block-heading has-text-align-center has-white-color has-text-color has-background\" style=\"background:linear-gradient(135deg,rgb(6,147,227) 16%,rgb(155,81,224) 82%)\"><strong>Reflexionemos sobre el futuro del trabajo<\/strong><\/h2>\n\n\n\n<p>Sabemos que con<strong> la era digital muchas cosas han cambiado el diario vivir de los empleados,<\/strong> desde la implementaci\u00f3n del trabajo en casa hasta la creaci\u00f3n de la IA, es por eso que debes tener presente lo siguiente:<\/p>\n\n\n\n<ol type=\"1\">\n<li><strong>Tendencias laborales actuales<\/strong><\/li>\n<\/ol>\n\n\n\n<p>El mundo del trabajo est\u00e1 cambiando con la automatizaci\u00f3n, el teletrabajo y las nuevas formas de empleo digital.<strong> Adaptarse a estos cambios es clave para el futuro, <\/strong>sal de tu zona de confort, toma los cambios como un paso a la evoluci\u00f3n y<a href=\"https:\/\/www.magneto365.com\/es\/landings\/escuela-de-empleabilidad?f_magneto=1&amp;utm_campaign=magneto&amp;utm_content=post-47-20240315-escuela-de-empleabilidad&amp;utm_medium=organic&amp;utm_source=blog\"> capac\u00edtate para seguir siendo competitivo en el mercado laboral.<\/a><\/p>\n\n\n\n<ul>\n<li><strong>La tecnolog\u00eda y su impacto<\/strong><\/li>\n<\/ul>\n\n\n\n<p>Desde la inteligencia artificial hasta las <a href=\"https:\/\/www.magneto365.com\/es?action=sign-up&amp;utm_source=blog&amp;utm_medium=organic&amp;utm_campaign=magneto&amp;utm_id=Sing-up-magneto-empleos\">plataformas de empleo,<\/a> <strong>la tecnolog\u00eda est\u00e1 revolucionando la manera en que trabajamos<\/strong> y buscamos empleo. Debes aprender a manejar la IA, recuerda que es una herramienta no tienes por qu\u00e9 temerle, al contrario, entre mejor la domines m\u00e1s oportunidades laborales podr\u00e1s tener.<\/p>\n\n\n\n<ul>\n<li><strong>\u00bfC\u00f3mo vislumbras el futuro del trabajo?<\/strong><\/li>\n<\/ul>\n\n\n\n<p><strong>El trabajo del futuro ser\u00e1 m\u00e1s flexible, digital<\/strong> y basado en <a href=\"https:\/\/www.magneto365.com\/es\/blog\/7-habilidades-blandas-que-debes-incluir-en-tu-hoja-de-vida\">habilidades blandas y duras. <\/a>La formaci\u00f3n continua y la adaptabilidad ser\u00e1n clave para prosperar en este nuevo entorno. Recuerda que <strong>eres completamente capaz de lograr lo que te propones<\/strong>, ponle \u00e1nimo, esfuerzo y disciplina.<\/p>\n\n\n\n<h2 class=\"wp-block-heading\"><strong>Preguntas Frecuentes sobre el primero de mayo<\/strong><\/h2>\n\n\n\n<ol type=\"1\" start=\"1\">\n<li><strong>\u00bfCu\u00e1l es el origen hist\u00f3rico del D\u00eda del Trabajo?<\/strong><br>Se origin\u00f3 en Chicago en 1886 con la lucha por la jornada laboral de 8 horas.<\/li>\n\n\n\n<li><strong>\u00bfQu\u00e9 diferencia existe entre el D\u00eda del Trabajo y el D\u00eda Internacional del Trabajo?<\/strong><br>No hay diferencia; ambos t\u00e9rminos se usan indistintamente en distintos pa\u00edses.<\/li>\n\n\n\n<li><strong>\u00bfPor qu\u00e9 se celebra el D\u00eda del Trabajo el 1 de mayo?<\/strong><br>En memoria de los M\u00e1rtires de Chicago y su lucha por derechos laborales.<\/li>\n\n\n\n<li><strong>\u00bfCu\u00e1l es la importancia de conmemorar el D\u00eda del Trabajo?<\/strong><br>Reconocer la importancia del trabajo en la sociedad y continuar luchando por mejores condiciones laborales.<\/li>\n\n\n\n<li><strong>\u00bfQu\u00e9 impacto tiene la celebraci\u00f3n del D\u00eda del Trabajo en la sociedad?<\/strong><br>Genera conciencia sobre los derechos laborales y la importancia de la equidad en el empleo.<\/li>\n<\/ol>\n\n\n\n<p>El D\u00eda del Trabajo es mucho m\u00e1s que una fecha en el calendario; es un <strong>recordatorio de los avances laborales logrados<\/strong> y de los desaf\u00edos que a\u00fan quedan por enfrentar. Encuentra tu pr\u00f3ximo empleo con Magneto, <a href=\"https:\/\/www.magneto365.com\/co\/trabajos\/empleos-por-sector-laboral?f_magneto=1&amp;utm_source=blog-seo&amp;utm_medium=organic&amp;utm_campaign=magneto&amp;utm_content=post-279-20241018-\">te ayudamos a conectar con las mejores empresas,<\/a> en donde existen condiciones justas para ti.<\/p>\n\n\n\n<p>\ud83d\udc49 Ingresa ahora y encuentra tu pr\u00f3ximo empleo en las mejores compa\u00f1\u00edas de Colombia y Latinoam\u00e9rica.<\/p>\n\n\n\n<div class=\"wp-block-buttons is-content-justification-center is-layout-flex wp-container-2 wp-block-buttons-is-layout-flex\">\n<div class=\"wp-block-button is-style-outline\"><a class=\"wp-block-button__link wp-element-button\" href=\"https:\/\/www.magneto365.com\/co\/empleos?f_magneto=1&amp;utm_source=blog&amp;utm_medium=organic&amp;utm_campaign=magneto&amp;utm_content=post-47-20240315-vacantes-laborales\">Aplica a un trabajo en donde valoren tus habilidades<\/a><\/div>\n<\/div>\n\n\n\n<p><strong>Tambi\u00e9n puedes leer: <\/strong><\/p>\n\n\n\n<p>\ud83d\udcb8<a href=\"https:\/\/www.magneto365.com\/es\/blog\/cuanto-cuesta-la-hora-de-trabajo-colombia\">\u00bfCu\u00e1nto cuesta una hora de trabajo en Colombia?<\/a><\/p>\n\n\n\n<p>\ud83d\udcb8<a href=\"https:\/\/www.magneto365.com\/es\/blog\/auxilio-de-transporte\">Incrementos anuales del auxilio de transporte<\/a><\/p>\n","protected":false},"excerpt":{"rendered":"<p>Cada 1 de mayo, D\u00eda del Trabajo, millones de personas en todo el mundo conmemoran la lucha de los trabajadores por condiciones justas y dignas. M\u00e1s que un simple d\u00eda festivo, esta fecha recuerda la importancia de los derechos laborales y el valor del esfuerzo humano en la construcci\u00f3n de sociedades m\u00e1s equitativas. En este &hellip; <\/p>\n<p class=\"link-more\"><a href=\"https:\/\/www.magneto365.com\/manager\/dia-trabajo-celebracion-festivo\/\" class=\"more-link\">Continuar leyendo<span class=\"screen-reader-text\"> &#8220;Los or\u00edgenes del D\u00eda del Trabajo en el mundo: historia y significado&#8221;<\/span><\/a><\/p>\n","protected":false},"author":11,"featured_media":130600,"comment_status":"open","ping_status":"closed","sticky":false,"template":"","format":"standard","meta":{"_uag_custom_page_level_css":"","footnotes":""},"categories":[11,641],"tags":[667,671,669,668,15,670,125],"acf":{"floating_modal_blog":{"type":"custom","custom_fields":{"background":"","title":"","text":"","background_button":"","text_button":"","text_color":"","url_button":""}},"image_before_title":{"activate_generic_banner":true}},"contentshake_article_id":"","uagb_featured_image_src":{"full":["https:\/\/static.magneto365.com\/wordpress\/2025\/04\/04014411\/Dia-del-trabajo.png",828,466,false],"thumbnail":["https:\/\/static.magneto365.com\/wordpress\/2025\/04\/04014411\/Dia-del-trabajo-150x150.png",150,150,true],"medium":["https:\/\/static.magneto365.com\/wordpress\/2025\/04\/04014411\/Dia-del-trabajo-300x169.png",300,169,true],"medium_large":["https:\/\/static.magneto365.com\/wordpress\/2025\/04\/04014411\/Dia-del-trabajo-768x432.png",525,295,true],"large":["https:\/\/static.magneto365.com\/wordpress\/2025\/04\/04014411\/Dia-del-trabajo.png",525,295,false],"1536x1536":["https:\/\/static.magneto365.com\/wordpress\/2025\/04\/04014411\/Dia-del-trabajo.png",828,466,false],"2048x2048":["https:\/\/static.magneto365.com\/wordpress\/2025\/04\/04014411\/Dia-del-trabajo.png",828,466,false],"twentyseventeen-featured-image":["https:\/\/static.magneto365.com\/wordpress\/2025\/04\/04014411\/Dia-del-trabajo.png",828,466,false],"twentyseventeen-thumbnail-avatar":["https:\/\/static.magneto365.com\/wordpress\/2025\/04\/04014411\/Dia-del-trabajo-100x100.png",100,100,true]},"uagb_author_info":{"display_name":"Nicolle Pacacira","author_link":"https:\/\/www.magneto365.com\/manager\/author\/nramirez\/"},"uagb_comment_info":0,"uagb_excerpt":"Cada 1 de mayo, D\u00eda del Trabajo, millones de personas en todo el mundo conmemoran la lucha de los trabajadores por condiciones justas y dignas. M\u00e1s que un simple d\u00eda festivo, esta fecha recuerda la importancia de los derechos laborales y el valor del esfuerzo humano en la construcci\u00f3n de sociedades m\u00e1s equitativas. En este&hellip;","_links":{"self":[{"href":"https:\/\/www.magneto365.com\/manager\/wp-json\/wp\/v2\/posts\/130599"}],"collection":[{"href":"https:\/\/www.magneto365.com\/manager\/wp-json\/wp\/v2\/posts"}],"about":[{"href":"https:\/\/www.magneto365.com\/manager\/wp-json\/wp\/v2\/types\/post"}],"author":[{"embeddable":true,"href":"https:\/\/www.magneto365.com\/manager\/wp-json\/wp\/v2\/users\/11"}],"replies":[{"embeddable":true,"href":"https:\/\/www.magneto365.com\/manager\/wp-json\/wp\/v2\/comments?post=130599"}],"version-history":[{"count":9,"href":"https:\/\/www.magneto365.com\/manager\/wp-json\/wp\/v2\/posts\/130599\/revisions"}],"predecessor-version":[{"id":131521,"href":"https:\/\/www.magneto365.com\/manager\/wp-json\/wp\/v2\/posts\/130599\/revisions\/131521"}],"wp:featuredmedia":[{"embeddable":true,"href":"https:\/\/www.magneto365.com\/manager\/wp-json\/wp\/v2\/media\/130600"}],"wp:attachment":[{"href":"https:\/\/www.magneto365.com\/manager\/wp-json\/wp\/v2\/media?parent=130599"}],"wp:term":[{"taxonomy":"category","embeddable":true,"href":"https:\/\/www.magneto365.com\/manager\/wp-json\/wp\/v2\/categories?post=130599"},{"taxonomy":"post_tag","embeddable":true,"href":"https:\/\/www.magneto365.com\/manager\/wp-json\/wp\/v2\/tags?post=130599"}],"curies":[{"name":"wp","href":"https:\/\/api.w.org\/{rel}","templated":true}]}}