{"id":130836,"date":"2025-05-28T22:57:58","date_gmt":"2025-05-29T03:57:58","guid":{"rendered":"https:\/\/www.magneto365.com\/manager\/?p=130836"},"modified":"2025-05-29T11:22:05","modified_gmt":"2025-05-29T16:22:05","slug":"porcentaje-prestaciones-sociales-colombia","status":"publish","type":"post","link":"https:\/\/www.magneto365.com\/manager\/porcentaje-prestaciones-sociales-colombia\/","title":{"rendered":"Vacaciones: % Prestaciones Sociales en Colombia"},"content":{"rendered":"\n<p>Las vacaciones no son solo un descanso merecido, sino tambi\u00e9n un derecho laboral fundamental que forma parte del conjunto de prestaciones sociales en Colombia. Si <strong>te has preguntado si las vacaciones hacen parte de las prestaciones sociales<\/strong>, la respuesta es un rotundo s\u00ed.<\/p>\n\n\n\n<p>Este beneficio, que <strong>garantiza el bienestar y la salud mental de los trabajadores<\/strong>, est\u00e1 regulado por la legislaci\u00f3n laboral y tiene implicaciones importantes tanto para empleados como para empleadores.<\/p>\n\n\n\n<h2 class=\"wp-block-heading\"><strong>Las prestaciones sociales en el contexto laboral<\/strong><\/h2>\n\n\n\n<p>Las<a href=\"https:\/\/www.magneto365.com\/es\/blog\/prestaciones-sociales-colombia\"> prestaciones sociales<\/a> son todos aquellos <strong>beneficios econ\u00f3micos que un empleador est\u00e1 obligado a pagar al trabajador<\/strong> por su labor. Estas incluyen cesant\u00edas, <a href=\"https:\/\/www.magneto365.com\/es\/blog\/todo-sobre-intereses-cesantias\">intereses a las cesant\u00edas,<\/a> primas y vacaciones. <strong>Su prop\u00f3sito es proteger al trabajador ante diversas situaciones,<\/strong> como el desempleo, la vejez, o simplemente para garantizar el goce efectivo del descanso laboral.<\/p>\n\n\n\n<p>En ese sentido, las vacaciones como prestaciones sociales representan no solo un <strong>tiempo de desconexi\u00f3n, <\/strong>sino tambi\u00e9n una obligaci\u00f3n legal que debe cumplirse en t\u00e9rminos y condiciones claras.<\/p>\n\n\n\n<h2 class=\"wp-block-heading\"><strong>\u00bfC\u00f3mo se calculan las vacaciones como prestaci\u00f3n social en Colombia?<\/strong><\/h2>\n\n\n\n<p>El c\u00e1lculo de las vacaciones es bastante sencillo. <strong>Se otorgan 15 d\u00edas h\u00e1biles por cada a\u00f1o<\/strong> <strong>laborado.<\/strong> Si el trabajador ha laborado menos de un a\u00f1o, tiene derecho a un proporcional de este beneficio. <strong>El salario que se paga durante el periodo de vacaciones<\/strong> corresponde al salario ordinario que recibe el trabajador, sin incluir bonificaciones o pagos extraordinarios, salvo que hagan parte del salario habitual.<\/p>\n\n\n\n<h3 class=\"wp-block-heading\"><strong>Ejemplo para calcular las vacaciones:<\/strong><\/h3>\n\n\n\n<p>Si una persona gana $1.200.000 al mes y ha trabajado todo el a\u00f1o, el valor de sus vacaciones equivaldr\u00eda a 15 d\u00edas de salario, es decir, aproximadamente $600.000.<\/p>\n\n\n\n<p>Este monto debe pagarse <strong>antes de que el trabajador inicie su periodo de vacaciones<\/strong>, de acuerdo con la normatividad vigente.<\/p>\n\n\n\n<h2 class=\"wp-block-heading has-text-align-center has-white-color has-text-color has-background\" style=\"background:linear-gradient(135deg,rgb(6,147,227) 3%,rgb(155,81,224) 87%)\"><strong>Tabla comparativa con los principales porcentajes de las prestaciones laborales en Colombia<\/strong><\/h2>\n\n\n\n<figure class=\"wp-block-table is-style-regular\"><table><thead><tr><th>Prestaci\u00f3n Laboral<\/th><th><br>Porcentaje Aproximado Anual<\/th><th><br>Base de C\u00e1lculo<\/th><th>Forma de Pago<\/th><\/tr><\/thead><tbody><tr><td>Cesant\u00edas<\/td><td>8.33%<\/td><td>Salario Mensual<\/td><td>Consignaci\u00f3n al fondo antes del 15 de febrero<\/td><\/tr><tr><td>Intereses sobre cesant\u00edas<\/td><td>1% (12% anual sobre cesant\u00edas)<\/td><td>Valor anual de cesant\u00edas<\/td><td>Pago directo al trabajador antes del 31 de enero<\/td><\/tr><tr><td>Prima de servicios<\/td><td>8.33%<\/td><td>Salario Mensual<\/td><td>Pago en dos partes: junio y diciembre<\/td><\/tr><tr><td>Vacaciones<\/td><td>4.17%<\/td><td><br>Salario mensual (15 d\u00edas por a\u00f1o trabajado)<\/td><td>En tiempo o compensaci\u00f3n econ\u00f3mica<\/td><\/tr><tr><td>Caja de compensaci\u00f3n<\/td><td>4%<\/td><td>Salario mensual<\/td><td>Pago mensual al prestador<\/td><\/tr><\/tbody><\/table><\/figure>\n\n\n\n<p class=\"has-text-align-center\">\ud83d\udca1 <strong>Nota<\/strong>: Las vacaciones no se pagan como porcentaje mensual directo, sino como tiempo de descanso remunerado. El 4.17% corresponde al c\u00e1lculo proporcional en dinero para entender su valor anualizado.<\/p>\n\n\n\n<h2 class=\"wp-block-heading\"><strong>Beneficios adicionales que ofrecen las vacaciones como prestaci\u00f3n social<\/strong><\/h2>\n\n\n\n<p>Las vacaciones como parte del <strong>porcentaje de prestaciones sociales<\/strong> que recibe un trabajador tambi\u00e9n impactan positivamente en su motivaci\u00f3n, compromiso y calidad de vida. Adem\u00e1s:<\/p>\n\n\n\n<ul>\n<li>Permiten al empleador <strong>reducir el ausentismo laboral<\/strong> por causas m\u00e9dicas.<\/li>\n\n\n\n<li>Fomentan un <strong>clima organizacional m\u00e1s saludable.<\/strong><\/li>\n\n\n\n<li>Promueven la <strong>retenci\u00f3n del talento humano.<\/strong><\/li>\n\n\n\n<li>Generan un <strong>ciclo laboral m\u00e1s equilibrado.<\/strong><\/li>\n<\/ul>\n\n\n\n<p>Vale la pena recordar que, en caso de que un trabajador finalice su relaci\u00f3n laboral sin haber disfrutado sus vacaciones, el empleador debe <strong>liquidarlas y pagarlas junto con las dem\u00e1s prestaciones sociales<\/strong>.<\/p>\n\n\n\n<h2 class=\"wp-block-heading has-text-align-center has-white-color has-text-color has-background\" style=\"background:linear-gradient(135deg,rgb(6,147,227) 21%,rgb(155,81,224) 86%)\"><strong>Preguntas Frecuentes sobre las vacaciones como prestaciones sociales<\/strong><\/h2>\n\n\n\n<p><strong>\u00bfCu\u00e1ntos d\u00edas de vacaciones corresponden a un trabajador en Colombia?<\/strong><\/p>\n\n\n\n<p>Todo trabajador tiene derecho a 15 d\u00edas h\u00e1biles de vacaciones por cada a\u00f1o completo de servicio.<\/p>\n\n\n\n<p><strong>\u00bfEs obligatorio que el empleador otorgue vacaciones como prestaci\u00f3n social?<\/strong><\/p>\n\n\n\n<p>S\u00ed. Es una obligaci\u00f3n legal del empleador y su incumplimiento puede acarrear sanciones.<\/p>\n\n\n\n<p><strong>\u00bfQu\u00e9 sucede si un trabajador no toma sus d\u00edas de vacaciones?<\/strong><\/p>\n\n\n\n<p>El empleador debe garantizar que el trabajador disfrute su descanso. Si no lo hace, puede acumularse un periodo adicional, pero no indefinidamente. Adem\u00e1s, puede generar problemas legales.<\/p>\n\n\n\n<p><strong>\u00bfPueden acumularse los d\u00edas de vacaciones de un a\u00f1o a otro?<\/strong><\/p>\n\n\n\n<p>La ley permite que se acumulen vacaciones hasta por dos a\u00f1os consecutivos, salvo casos especiales autorizados por el Ministerio de Trabajo.<\/p>\n\n\n\n<p><strong>\u00bfQu\u00e9 derechos tiene un trabajador en caso de que se vea afectado en el disfrute de sus vacaciones como prestaci\u00f3n social?<\/strong><\/p>\n\n\n\n<p>Puede acudir al Ministerio de Trabajo para interponer una queja formal y exigir el cumplimiento de su derecho. Tambi\u00e9n puede reclamar el pago retroactivo si no se le otorgaron en el tiempo estipulado.<\/p>\n\n\n\n<p>\u00bfBuscas estabilidad y mejores beneficios laborales? En Magneto te ayudamos a encontrar el empleo ideal. <strong>Tenemos disponibles m\u00e1s de 100mil vacantes<\/strong> para que te postules hoy mismo.<\/p>\n\n\n\n<div class=\"wp-block-buttons is-content-justification-center is-layout-flex wp-container-1 wp-block-buttons-is-layout-flex\">\n<div class=\"wp-block-button is-style-outline\"><a class=\"wp-block-button__link wp-element-button\" href=\"https:\/\/www.magneto365.com\/co\/empleos?f_magneto=1&amp;utm_source=blog&amp;utm_medium=organic&amp;utm_campaign=magneto&amp;utm_content=post-47-20240315-vacantes-laborales\">\u00a1Explora nuestras ofertas hoy!<\/a><\/div>\n<\/div>\n\n\n\n<p><strong>Tambi\u00e9n puedes leer: <\/strong><\/p>\n\n\n\n<p>\u2705<a href=\"https:\/\/www.magneto365.com\/es\/blog\/estos-son-los-5-contratos-de-trabajo-en-colombia\">Estos son los 5 contratos de trabajo en Colombia<\/a><\/p>\n\n\n\n<p>\u2705<a href=\"https:\/\/www.magneto365.com\/es\/blog\/tips-de-ahorro-quincena\">5 tips para ahorrar: Plantilla de ahorro quincenal<\/a><\/p>\n\n\n\n<p><\/p>\n","protected":false},"excerpt":{"rendered":"<p>Las vacaciones no son solo un descanso merecido, sino tambi\u00e9n un derecho laboral fundamental que forma parte del conjunto de prestaciones sociales en Colombia. Si te has preguntado si las vacaciones hacen parte de las prestaciones sociales, la respuesta es un rotundo s\u00ed. Este beneficio, que garantiza el bienestar y la salud mental de los &hellip; <\/p>\n<p class=\"link-more\"><a href=\"https:\/\/www.magneto365.com\/manager\/porcentaje-prestaciones-sociales-colombia\/\" class=\"more-link\">Continuar leyendo<span class=\"screen-reader-text\"> &#8220;Vacaciones: % Prestaciones Sociales en Colombia&#8221;<\/span><\/a><\/p>\n","protected":false},"author":11,"featured_media":130837,"comment_status":"open","ping_status":"closed","sticky":false,"template":"","format":"standard","meta":{"_uag_custom_page_level_css":"","footnotes":""},"categories":[11,676],"tags":[15,679,674,141,680],"acf":{"floating_modal_blog":{"type":"custom","custom_fields":{"background":"","title":"","text":"","background_button":"","text_button":"","text_color":"","url_button":""}},"image_before_title":{"activate_generic_banner":true}},"contentshake_article_id":"","uagb_featured_image_src":{"full":["https:\/\/static.magneto365.com\/wordpress\/2025\/05\/28222813\/Porcentaje-prestaciones-sociales.png",828,466,false],"thumbnail":["https:\/\/static.magneto365.com\/wordpress\/2025\/05\/28222813\/Porcentaje-prestaciones-sociales-150x150.png",150,150,true],"medium":["https:\/\/static.magneto365.com\/wordpress\/2025\/05\/28222813\/Porcentaje-prestaciones-sociales-300x169.png",300,169,true],"medium_large":["https:\/\/static.magneto365.com\/wordpress\/2025\/05\/28222813\/Porcentaje-prestaciones-sociales-768x432.png",525,295,true],"large":["https:\/\/static.magneto365.com\/wordpress\/2025\/05\/28222813\/Porcentaje-prestaciones-sociales.png",525,295,false],"1536x1536":["https:\/\/static.magneto365.com\/wordpress\/2025\/05\/28222813\/Porcentaje-prestaciones-sociales.png",828,466,false],"2048x2048":["https:\/\/static.magneto365.com\/wordpress\/2025\/05\/28222813\/Porcentaje-prestaciones-sociales.png",828,466,false],"twentyseventeen-featured-image":["https:\/\/static.magneto365.com\/wordpress\/2025\/05\/28222813\/Porcentaje-prestaciones-sociales.png",828,466,false],"twentyseventeen-thumbnail-avatar":["https:\/\/static.magneto365.com\/wordpress\/2025\/05\/28222813\/Porcentaje-prestaciones-sociales-100x100.png",100,100,true]},"uagb_author_info":{"display_name":"Nicolle Pacacira","author_link":"https:\/\/www.magneto365.com\/manager\/author\/nramirez\/"},"uagb_comment_info":0,"uagb_excerpt":"Las vacaciones no son solo un descanso merecido, sino tambi\u00e9n un derecho laboral fundamental que forma parte del conjunto de prestaciones sociales en Colombia. Si te has preguntado si las vacaciones hacen parte de las prestaciones sociales, la respuesta es un rotundo s\u00ed. Este beneficio, que garantiza el bienestar y la salud mental de los&hellip;","_links":{"self":[{"href":"https:\/\/www.magneto365.com\/manager\/wp-json\/wp\/v2\/posts\/130836"}],"collection":[{"href":"https:\/\/www.magneto365.com\/manager\/wp-json\/wp\/v2\/posts"}],"about":[{"href":"https:\/\/www.magneto365.com\/manager\/wp-json\/wp\/v2\/types\/post"}],"author":[{"embeddable":true,"href":"https:\/\/www.magneto365.com\/manager\/wp-json\/wp\/v2\/users\/11"}],"replies":[{"embeddable":true,"href":"https:\/\/www.magneto365.com\/manager\/wp-json\/wp\/v2\/comments?post=130836"}],"version-history":[{"count":6,"href":"https:\/\/www.magneto365.com\/manager\/wp-json\/wp\/v2\/posts\/130836\/revisions"}],"predecessor-version":[{"id":130847,"href":"https:\/\/www.magneto365.com\/manager\/wp-json\/wp\/v2\/posts\/130836\/revisions\/130847"}],"wp:featuredmedia":[{"embeddable":true,"href":"https:\/\/www.magneto365.com\/manager\/wp-json\/wp\/v2\/media\/130837"}],"wp:attachment":[{"href":"https:\/\/www.magneto365.com\/manager\/wp-json\/wp\/v2\/media?parent=130836"}],"wp:term":[{"taxonomy":"category","embeddable":true,"href":"https:\/\/www.magneto365.com\/manager\/wp-json\/wp\/v2\/categories?post=130836"},{"taxonomy":"post_tag","embeddable":true,"href":"https:\/\/www.magneto365.com\/manager\/wp-json\/wp\/v2\/tags?post=130836"}],"curies":[{"name":"wp","href":"https:\/\/api.w.org\/{rel}","templated":true}]}}