{"id":130897,"date":"2025-06-06T15:03:47","date_gmt":"2025-06-06T20:03:47","guid":{"rendered":"https:\/\/www.magneto365.com\/manager\/?p=130897"},"modified":"2025-06-09T07:59:34","modified_gmt":"2025-06-09T12:59:34","slug":"derechos-laborales-mas-vulnerados","status":"publish","type":"post","link":"https:\/\/www.magneto365.com\/manager\/derechos-laborales-mas-vulnerados\/","title":{"rendered":"Cu\u00e1les son los derechos laborales m\u00e1s vulnerados"},"content":{"rendered":"\n<p><strong>Hablar de derechos laborales es hablar de dignidad, bienestar y justicia en el trabajo.<\/strong> Sin embargo, en muchos contextos, estos derechos no siempre se cumplen. Conocer cu\u00e1les son los derechos laborales m\u00e1s vulnerados es fundamental para protegerse y exigir condiciones laborales justas. <\/p>\n\n\n\n<p>Este art\u00edculo te ayudar\u00e1 a identificar las situaciones m\u00e1s comunes de vulneraci\u00f3n y te ofrecer\u00e1 herramientas para actuar.<\/p>\n\n\n\n<h2 class=\"wp-block-heading\"><strong>\u00bfCu\u00e1les son los derechos laborales m\u00e1s vulnerados?<\/strong><\/h2>\n\n\n\n<p>Los derechos laborales son el <strong>conjunto de normas que protegen al trabajador<\/strong> en su relaci\u00f3n con el empleador. Estos incluyen desde el derecho a una remuneraci\u00f3n justa hasta la posibilidad de gozar de vacaciones y afiliaci\u00f3n a la seguridad social. Pero <strong>\u00bfcu\u00e1les son los m\u00e1s vulnerados a nivel global?<\/strong><\/p>\n\n\n\n<ul>\n<li>Pago incompleto o retrasado del salario<\/li>\n\n\n\n<li>No afiliaci\u00f3n a seguridad social<\/li>\n\n\n\n<li>Exceso de jornada laboral sin remuneraci\u00f3n<\/li>\n\n\n\n<li>Despidos injustificados<\/li>\n\n\n\n<li>Negaci\u00f3n del derecho a vacaciones<\/li>\n\n\n\n<li>Ausencia de contratos escritos<\/li>\n<\/ul>\n\n\n\n<h2 class=\"wp-block-heading\"><strong>Derechos laborales m\u00e1s vulnerados en Colombia<\/strong><\/h2>\n\n\n\n<p>En Colombia, la situaci\u00f3n laboral presenta retos particulares. De acuerdo con la Escuela Nacional Sindical, los derechos laborales m\u00e1s vulnerados en el pa\u00eds son:<\/p>\n\n\n\n<ul>\n<li><strong>La libertad sindical:<\/strong> muchos trabajadores temen ser despedidos por afiliarse a un sindicato.<\/li>\n\n\n\n<li><strong>El derecho a la seguridad social:<\/strong> especialmente en el empleo informal.<\/li>\n\n\n\n<li><strong>El pago justo del salario:<\/strong> en especial en el campo y en trabajos tercerizados.<\/li>\n<\/ul>\n\n\n\n<figure class=\"wp-block-table\"><table><tbody><tr><td class=\"has-text-align-center\" data-align=\"center\">\ud83d\udca1<strong>Estad\u00edsticas:<\/strong> Seg\u00fan el DANE, cerca del 58% de los trabajadores en Colombia est\u00e1n en la informalidad, lo que significa que no tienen garant\u00edas como salud, pensi\u00f3n ni ARL.<\/td><\/tr><\/tbody><\/table><\/figure>\n\n\n\n<h2 class=\"wp-block-heading\"><strong>\u00bfC\u00f3mo identificar la vulneraci\u00f3n de derechos laborales?<\/strong><\/h2>\n\n\n\n<p>Algunas se\u00f1ales de alerta:<\/p>\n\n\n\n<ul>\n<li>Te pagan menos de lo acordado o con retraso<\/li>\n\n\n\n<li>No est\u00e1s afiliado a EPS, ARL ni fondo de pensiones<\/li>\n\n\n\n<li>No tienes contrato escrito<\/li>\n\n\n\n<li>Te hacen trabajar m\u00e1s de 8 horas sin pago de horas extra<\/li>\n\n\n\n<li>No te dan vacaciones ni cesant\u00edas<\/li>\n<\/ul>\n\n\n\n<figure class=\"wp-block-table\"><table><tbody><tr><td class=\"has-text-align-center\" data-align=\"center\">\ud83d\udd75\ufe0f\u200d\u2642\ufe0f<strong>Recomendaciones:<\/strong> Mant\u00e9n copias de tus recibos de pago, conoce tus derechos seg\u00fan el C\u00f3digo Sustantivo del Trabajo y ases\u00f3rate con entidades especializadas.<\/td><\/tr><\/tbody><\/table><\/figure>\n\n\n\n<h2 class=\"wp-block-heading\"><strong>\u00bfQu\u00e9 hacer en caso de vulneraci\u00f3n de derechos laborales?<\/strong><\/h2>\n\n\n\n<p>Pasos recomendados:<\/p>\n\n\n\n<ol type=\"1\" start=\"1\">\n<li>Documenta todo lo que ocurra (mensajes, contratos, recibos).<\/li>\n\n\n\n<li>Intenta un di\u00e1logo formal con tu empleador.<\/li>\n\n\n\n<li>Acude al Ministerio de Trabajo y presenta una queja.<\/li>\n\n\n\n<li>Busca asesor\u00eda jur\u00eddica gratuita o con un sindicato.<\/li>\n\n\n\n<li>Considera una acci\u00f3n legal si no hay soluci\u00f3n.<\/li>\n<\/ol>\n\n\n\n<p>Es momento de aplicar a <a href=\"https:\/\/www.magneto365.com\/co\/empleos?f_magneto=1&amp;utm_source=blog&amp;utm_medium=organic&amp;utm_campaign=magneto&amp;utm_content=post-47-20240315-vacantes-laborales\">ofertas laborales<\/a> en donde se cumplan los reglamentos estipulados para que tengas un excelente desarrollo en el mundo laboral. En Magneto somo s un puente para conectarte con las mejores empresas. <a href=\"https:\/\/www.magneto365.com\/co\/trabajos\/empleos-por-sector-laboral?f_magneto=1&amp;utm_source=blog-seo&amp;utm_medium=organic&amp;utm_campaign=magneto&amp;utm_content=post-279-20241018-\">Aplica a las m\u00e1s de 100mil ofertas de empleo que tenemos disponibles para ti.<\/a><\/p>\n\n\n\n<div class=\"wp-block-buttons is-content-justification-center is-layout-flex wp-container-1 wp-block-buttons-is-layout-flex\">\n<div class=\"wp-block-button is-style-outline\"><a class=\"wp-block-button__link wp-element-button\" href=\"https:\/\/www.magneto365.com\/co\/empleos?f_magneto=1&amp;utm_source=blog&amp;utm_medium=organic&amp;utm_campaign=magneto&amp;utm_content=post-47-20240315-vacantes-laborales\">Aqu\u00ed est\u00e1 tu pr\u00f3ximo empleo, no esperes m\u00e1s<\/a><\/div>\n<\/div>\n\n\n\n<p><strong>Tambi\u00e9n puedes leer: <\/strong><\/p>\n\n\n\n<p>\ud83d\udd75\ufe0f\u200d\u2642\ufe0f<a href=\"https:\/\/www.magneto365.com\/es\/blog\/canal-whatsapp-empleos-magneto\">\u00bfBuscas trabajo? Magneto lanza su canal de WhatsApp con vacantes diarias<\/a><\/p>\n\n\n\n<p>\ud83d\udca1<a href=\"https:\/\/www.magneto365.com\/es\/blog\/cuanto-cuesta-la-hora-de-trabajo-colombia\">\u00bfCu\u00e1nto cuesta una hora de trabajo en Colombia?<\/a><\/p>\n","protected":false},"excerpt":{"rendered":"<p>Hablar de derechos laborales es hablar de dignidad, bienestar y justicia en el trabajo. Sin embargo, en muchos contextos, estos derechos no siempre se cumplen. Conocer cu\u00e1les son los derechos laborales m\u00e1s vulnerados es fundamental para protegerse y exigir condiciones laborales justas. Este art\u00edculo te ayudar\u00e1 a identificar las situaciones m\u00e1s comunes de vulneraci\u00f3n y &hellip; <\/p>\n<p class=\"link-more\"><a href=\"https:\/\/www.magneto365.com\/manager\/derechos-laborales-mas-vulnerados\/\" class=\"more-link\">Continuar leyendo<span class=\"screen-reader-text\"> &#8220;Cu\u00e1les son los derechos laborales m\u00e1s vulnerados&#8221;<\/span><\/a><\/p>\n","protected":false},"author":11,"featured_media":130898,"comment_status":"open","ping_status":"closed","sticky":false,"template":"","format":"standard","meta":{"_uag_custom_page_level_css":"","footnotes":""},"categories":[11,676],"tags":[248,683,15,20],"acf":{"floating_modal_blog":{"type":"custom","custom_fields":{"background":"","title":"","text":"","background_button":"","text_button":"","text_color":"","url_button":""}},"image_before_title":{"activate_generic_banner":false}},"contentshake_article_id":"","uagb_featured_image_src":{"full":["https:\/\/static.magneto365.com\/wordpress\/2025\/06\/06145654\/derechos-laborales-1.png",828,466,false],"thumbnail":["https:\/\/static.magneto365.com\/wordpress\/2025\/06\/06145654\/derechos-laborales-1-150x150.png",150,150,true],"medium":["https:\/\/static.magneto365.com\/wordpress\/2025\/06\/06145654\/derechos-laborales-1-300x169.png",300,169,true],"medium_large":["https:\/\/static.magneto365.com\/wordpress\/2025\/06\/06145654\/derechos-laborales-1-768x432.png",525,295,true],"large":["https:\/\/static.magneto365.com\/wordpress\/2025\/06\/06145654\/derechos-laborales-1.png",525,295,false],"1536x1536":["https:\/\/static.magneto365.com\/wordpress\/2025\/06\/06145654\/derechos-laborales-1.png",828,466,false],"2048x2048":["https:\/\/static.magneto365.com\/wordpress\/2025\/06\/06145654\/derechos-laborales-1.png",828,466,false],"twentyseventeen-featured-image":["https:\/\/static.magneto365.com\/wordpress\/2025\/06\/06145654\/derechos-laborales-1.png",828,466,false],"twentyseventeen-thumbnail-avatar":["https:\/\/static.magneto365.com\/wordpress\/2025\/06\/06145654\/derechos-laborales-1-100x100.png",100,100,true]},"uagb_author_info":{"display_name":"Nicolle Pacacira","author_link":"https:\/\/www.magneto365.com\/manager\/author\/nramirez\/"},"uagb_comment_info":0,"uagb_excerpt":"Hablar de derechos laborales es hablar de dignidad, bienestar y justicia en el trabajo. Sin embargo, en muchos contextos, estos derechos no siempre se cumplen. Conocer cu\u00e1les son los derechos laborales m\u00e1s vulnerados es fundamental para protegerse y exigir condiciones laborales justas. Este art\u00edculo te ayudar\u00e1 a identificar las situaciones m\u00e1s comunes de vulneraci\u00f3n y&hellip;","_links":{"self":[{"href":"https:\/\/www.magneto365.com\/manager\/wp-json\/wp\/v2\/posts\/130897"}],"collection":[{"href":"https:\/\/www.magneto365.com\/manager\/wp-json\/wp\/v2\/posts"}],"about":[{"href":"https:\/\/www.magneto365.com\/manager\/wp-json\/wp\/v2\/types\/post"}],"author":[{"embeddable":true,"href":"https:\/\/www.magneto365.com\/manager\/wp-json\/wp\/v2\/users\/11"}],"replies":[{"embeddable":true,"href":"https:\/\/www.magneto365.com\/manager\/wp-json\/wp\/v2\/comments?post=130897"}],"version-history":[{"count":2,"href":"https:\/\/www.magneto365.com\/manager\/wp-json\/wp\/v2\/posts\/130897\/revisions"}],"predecessor-version":[{"id":130901,"href":"https:\/\/www.magneto365.com\/manager\/wp-json\/wp\/v2\/posts\/130897\/revisions\/130901"}],"wp:featuredmedia":[{"embeddable":true,"href":"https:\/\/www.magneto365.com\/manager\/wp-json\/wp\/v2\/media\/130898"}],"wp:attachment":[{"href":"https:\/\/www.magneto365.com\/manager\/wp-json\/wp\/v2\/media?parent=130897"}],"wp:term":[{"taxonomy":"category","embeddable":true,"href":"https:\/\/www.magneto365.com\/manager\/wp-json\/wp\/v2\/categories?post=130897"},{"taxonomy":"post_tag","embeddable":true,"href":"https:\/\/www.magneto365.com\/manager\/wp-json\/wp\/v2\/tags?post=130897"}],"curies":[{"name":"wp","href":"https:\/\/api.w.org\/{rel}","templated":true}]}}