{"id":130947,"date":"2025-06-24T16:35:16","date_gmt":"2025-06-24T21:35:16","guid":{"rendered":"https:\/\/www.magneto365.com\/manager\/?p=130947"},"modified":"2025-09-12T16:53:26","modified_gmt":"2025-09-12T21:53:26","slug":"empleo-en-el-barrio-vacantes-abiertas","status":"publish","type":"post","link":"https:\/\/www.magneto365.com\/manager\/empleo-en-el-barrio-vacantes-abiertas\/","title":{"rendered":"Programa Empleo en el barrio &#8211; Vacantes abiertas y formaci\u00f3n GRATUITA"},"content":{"rendered":"\n<p><strong>Magneto innova la realizaci\u00f3n de ferias laborales,<\/strong> esta vez se inaugura el programa <a href=\"https:\/\/www.magneto365.com\/es\/landings\/ferias-laborales?f_magneto=1&amp;utm_source=blog-seo&amp;utm_medium=organic&amp;utm_campaign=magneto&amp;utm_content=post-279-20250625-feria-laboral\">Empleo en el barrio<\/a> para llegar a cada rinc\u00f3n de Bogot\u00e1 y municipios aleda\u00f1os, con el prop\u00f3sito de derribar barreras y ofrecer oportunidades laborales \u00fanicas, en compa\u00f1\u00eda de la <strong>Agencia de Empleo Colsubsidio. <\/strong><\/p>\n\n\n\n<figure class=\"wp-block-image size-full\" id=\"banner-empleo-barrio\"><a href=\"https:\/\/www.magneto365.com\/es\/landings\/ferias-laborales?f_magneto=1&amp;utm_source=blog-seo&amp;utm_medium=organic&amp;utm_campaign=magneto&amp;utm_content=post-279-20250625-feria-laboral\"><img decoding=\"async\" loading=\"lazy\" width=\"930\" height=\"260\" src=\"https:\/\/static.magneto365.com\/wordpress\/2024\/07\/04080805\/Banner-Empleo-en-el-barrio-1-1.png\" alt=\"Banner Empleo en el barrio\" class=\"wp-image-131002\" title=\"Empleo en el barrio\" srcset=\"https:\/\/static.magneto365.com\/wordpress\/2024\/07\/04080805\/Banner-Empleo-en-el-barrio-1-1.png 930w, https:\/\/static.magneto365.com\/wordpress\/2024\/07\/04080805\/Banner-Empleo-en-el-barrio-1-1-300x84.png 300w, https:\/\/static.magneto365.com\/wordpress\/2024\/07\/04080805\/Banner-Empleo-en-el-barrio-1-1-768x215.png 768w\" sizes=\"(max-width: 767px) 89vw, (max-width: 1000px) 54vw, (max-width: 1071px) 543px, 580px\" \/><\/a><\/figure>\n\n\n\n<p>Participar es muy sencillo, solamente deber\u00e1s inscribirte en la <a href=\"https:\/\/www.magneto365.com\/es\/landings\/ferias-laborales?f_magneto=1&amp;utm_source=blog-seo&amp;utm_medium=organic&amp;utm_campaign=magneto&amp;utm_content=post-279-20250625-feria-laboral\">ruta de empleabilidad de magneto <\/a> para recibir toda la informaci\u00f3n necesaria para participar en el programa y conseguir trabajo en Bogot\u00e1 o a sus al rededores. <\/p>\n\n\n\n<p class=\"has-text-align-center\"><strong><a href=\"https:\/\/www.magneto365.com\/es\/landings\/ferias-laborales?f_magneto=1&amp;utm_source=blog-seo&amp;utm_medium=organic&amp;utm_campaign=magneto&amp;utm_content=post-279-20250625-feria-laboral\">\u00a1Este evento es totalmente GRATUITO, as\u00ed que aprovecha para participar!<\/a><\/strong><\/p>\n\n\n\n<p>A continuaci\u00f3n, <strong>te compartimos las primeras fechas del programa.<\/strong> Recuerda que al ser uno de los programas m\u00e1s grandes de empleabilidad en Colombia, este tendr\u00e1 duraci\u00f3n de 12 meses, es por esta raz\u00f3n que te invitamos a estar pendiente de este blog ya que d\u00eda a d\u00eda iremos haciendo la actualizaci\u00f3n de fechas:<\/p>\n\n\n\n<h2 class=\"wp-block-heading has-text-align-center has-white-color has-text-color has-background\" style=\"background:linear-gradient(135deg,rgb(6,147,227) 10%,rgb(155,81,224) 82%)\"><strong>PROGR\u00c1MATE CON NOSOTROS<\/strong> <strong>\u00a1FECHAS ACTUALIZADAS!<\/strong><\/h2>\n\n\n\n<figure class=\"wp-block-table\"><table><tbody><tr><td class=\"has-text-align-center\" data-align=\"center\"><strong>Ubicaci\u00f3n<\/strong><\/td><td class=\"has-text-align-center\" data-align=\"center\"><strong>Feria laboral<\/strong><\/td><\/tr><tr><td class=\"has-text-align-center\" data-align=\"center\"><strong>Santa Fe, Candelaria y M\u00e1rtires<\/strong><\/td><td class=\"has-text-align-center\" data-align=\"center\">Viernes, 12 de septiembre de 2025<\/td><\/tr><tr><td class=\"has-text-align-center\" data-align=\"center\"><strong>Rafael Uribe, Antonio Nari\u00f1o<\/strong><\/td><td class=\"has-text-align-center\" data-align=\"center\">jueves, 16 de octubre de 2025\u00a0<\/td><\/tr><tr><td class=\"has-text-align-center\" data-align=\"center\"><strong>Tunjuelito<\/strong><\/td><td class=\"has-text-align-center\" data-align=\"center\">jueves, 16 de octubre de 2025\u00a0<\/td><\/tr><tr><td class=\"has-text-align-center\" data-align=\"center\"><strong>Soacha<\/strong><\/td><td class=\"has-text-align-center\" data-align=\"center\">jueves, 30 de octubre de 2025<\/td><\/tr><\/tbody><\/table><\/figure>\n\n\n\n<h2 class=\"wp-block-heading has-text-align-center has-white-color has-text-color has-background\" style=\"background:linear-gradient(135deg,rgb(6,147,227) 13%,rgb(155,81,224) 89%)\"><strong>CRONOGRAMA DE JULIO<\/strong><\/h2>\n\n\n\n<figure class=\"wp-block-table\"><table><tbody><tr><td class=\"has-text-align-center\" data-align=\"center\"><strong>Ubicaci\u00f3n<\/strong><\/td><td class=\"has-text-align-center\" data-align=\"center\"><strong>Feria laboral<\/strong><\/td><\/tr><tr><td class=\"has-text-align-center\" data-align=\"center\"><strong>Cajic\u00e1<\/strong><\/td><td class=\"has-text-align-center\" data-align=\"center\">martes, 8 de julio de 2025<\/td><\/tr><tr><td class=\"has-text-align-center\" data-align=\"center\"><strong>Ciudad Bol\u00edvar<\/strong><\/td><td class=\"has-text-align-center\" data-align=\"center\">jueves, 10 de julio de 2025<\/td><\/tr><tr><td class=\"has-text-align-center\" data-align=\"center\"><strong>Kennedy<\/strong><\/td><td class=\"has-text-align-center\" data-align=\"center\">jueves, 24 de julio de 2025<\/td><\/tr><\/tbody><\/table><\/figure>\n\n\n\n<p><strong>\u00d1APA:<\/strong><\/p>\n\n\n\n<p>El lunes, 21 de julio de 2025 tendremos un <a href=\"https:\/\/www.magneto365.com\/es\/landings\/ferias-laborales?f_magneto=1&amp;utm_source=blog-seo&amp;utm_medium=organic&amp;utm_campaign=magneto&amp;utm_content=post-279-20250625-feria-laboral\">Webinar completamente gratuito,<\/a> en donde te explicaremos en detalle c\u00f3mo est\u00e1 funcionando el mercado laboral, cu\u00e1l es la importancia de mantener tu hoja de vida actualizada, y m\u00e1s. <\/p>\n\n\n\n<h2 class=\"wp-block-heading has-text-align-center has-white-color has-text-color has-background\" style=\"background:linear-gradient(135deg,rgb(6,147,227) 16%,rgb(155,81,224) 82%)\"><strong>\u00bfQu\u00e9 es Empleo en el barrio y por qu\u00e9 es tan importante?<\/strong><\/h2>\n\n\n\n<p>M\u00e1s all\u00e1 de ser una feria laboral, en Magneto hemos dise\u00f1ado este programa en alianza con  La Agencia de Empleo de Colsubsidio, la Agencia de Empleo del SENA, la Alcald\u00eda Mayor de Bogot\u00e1, la Agencia Distrital de Empleo de Bogot\u00e1. Siendo <strong>el programa m\u00e1s grande de empleo<\/strong> articulado entre diferentes empleadores. <\/p>\n\n\n\n<p>\u201c<em>Empleo en el Barrio\u201d<\/em>, es un programa de empleabilidad que brinda herramientas en la b\u00fasqueda efectiva de empleo, generando <strong>espacios de capacitaci\u00f3n y entrenamiento<\/strong> para efectos de evidenciar y proveer soluciones a los principales problemas que enfrenta la poblaci\u00f3n cesante.<\/p>\n\n\n\n<div class=\"wp-block-buttons is-content-justification-center is-layout-flex wp-container-1 wp-block-buttons-is-layout-flex\">\n<div class=\"wp-block-button is-style-outline\"><a class=\"wp-block-button__link has-text-align-center wp-element-button\" href=\"https:\/\/www.magneto365.com\/es\/landings\/ferias-laborales?f_magneto=1&amp;utm_source=blog-seo&amp;utm_medium=organic&amp;utm_campaign=magneto&amp;utm_content=post-279-20250625-feria-laboral\">Inscr\u00edbete HOY al programa Empleo en el barrio<\/a><\/div>\n<\/div>\n\n\n\n<p><strong>Tambi\u00e9n puedes leer:<\/strong><\/p>\n\n\n\n<p>\ud83d\udca1<a href=\"https:\/\/www.magneto365.com\/es\/blog\/como-identificar-una-oferta-laboral-falsas-10-claves\">Oferta laboral Falsa: Identif\u00edcala en 10 pasos<\/a><\/p>\n\n\n\n<p>\ud83d\udd75\ufe0f\u200d\u2642\ufe0f<a href=\"https:\/\/www.magneto365.com\/es\/blog\/formato-hoja-de-vida-plantillas-en-word\">Ejemplos de hoja de vida: Formatos listos para descargar<\/a><\/p>\n","protected":false},"excerpt":{"rendered":"<p>Magneto innova la realizaci\u00f3n de ferias laborales, esta vez se inaugura el programa Empleo en el barrio para llegar a cada rinc\u00f3n de Bogot\u00e1 y municipios aleda\u00f1os, con el prop\u00f3sito de derribar barreras y ofrecer oportunidades laborales \u00fanicas, en compa\u00f1\u00eda de la Agencia de Empleo Colsubsidio. Participar es muy sencillo, solamente deber\u00e1s inscribirte en la &hellip; <\/p>\n<p class=\"link-more\"><a href=\"https:\/\/www.magneto365.com\/manager\/empleo-en-el-barrio-vacantes-abiertas\/\" class=\"more-link\">Continuar leyendo<span class=\"screen-reader-text\"> &#8220;Programa Empleo en el barrio &#8211; Vacantes abiertas y formaci\u00f3n GRATUITA&#8221;<\/span><\/a><\/p>\n","protected":false},"author":11,"featured_media":130956,"comment_status":"open","ping_status":"closed","sticky":false,"template":"","format":"standard","meta":{"_uag_custom_page_level_css":"","footnotes":""},"categories":[11,606],"tags":[128,15,141,20,125],"acf":{"floating_modal_blog":{"type":"custom","custom_fields":{"background":"","title":"","text":"","background_button":"","text_button":"","text_color":"","url_button":""}},"image_before_title":{"activate_generic_banner":false}},"contentshake_article_id":"","uagb_featured_image_src":{"full":["https:\/\/static.magneto365.com\/wordpress\/2025\/06\/25102322\/Captura-de-pantalla-2025-06-25-094931.png",589,296,false],"thumbnail":["https:\/\/static.magneto365.com\/wordpress\/2025\/06\/25102322\/Captura-de-pantalla-2025-06-25-094931-150x150.png",150,150,true],"medium":["https:\/\/static.magneto365.com\/wordpress\/2025\/06\/25102322\/Captura-de-pantalla-2025-06-25-094931-300x151.png",300,151,true],"medium_large":["https:\/\/static.magneto365.com\/wordpress\/2025\/06\/25102322\/Captura-de-pantalla-2025-06-25-094931.png",525,264,false],"large":["https:\/\/static.magneto365.com\/wordpress\/2025\/06\/25102322\/Captura-de-pantalla-2025-06-25-094931.png",525,264,false],"1536x1536":["https:\/\/static.magneto365.com\/wordpress\/2025\/06\/25102322\/Captura-de-pantalla-2025-06-25-094931.png",589,296,false],"2048x2048":["https:\/\/static.magneto365.com\/wordpress\/2025\/06\/25102322\/Captura-de-pantalla-2025-06-25-094931.png",589,296,false],"twentyseventeen-featured-image":["https:\/\/static.magneto365.com\/wordpress\/2025\/06\/25102322\/Captura-de-pantalla-2025-06-25-094931.png",589,296,false],"twentyseventeen-thumbnail-avatar":["https:\/\/static.magneto365.com\/wordpress\/2025\/06\/25102322\/Captura-de-pantalla-2025-06-25-094931-100x100.png",100,100,true]},"uagb_author_info":{"display_name":"Nicolle Pacacira","author_link":"https:\/\/www.magneto365.com\/manager\/author\/nramirez\/"},"uagb_comment_info":0,"uagb_excerpt":"Magneto innova la realizaci\u00f3n de ferias laborales, esta vez se inaugura el programa Empleo en el barrio para llegar a cada rinc\u00f3n de Bogot\u00e1 y municipios aleda\u00f1os, con el prop\u00f3sito de derribar barreras y ofrecer oportunidades laborales \u00fanicas, en compa\u00f1\u00eda de la Agencia de Empleo Colsubsidio. Participar es muy sencillo, solamente deber\u00e1s inscribirte en la&hellip;","_links":{"self":[{"href":"https:\/\/www.magneto365.com\/manager\/wp-json\/wp\/v2\/posts\/130947"}],"collection":[{"href":"https:\/\/www.magneto365.com\/manager\/wp-json\/wp\/v2\/posts"}],"about":[{"href":"https:\/\/www.magneto365.com\/manager\/wp-json\/wp\/v2\/types\/post"}],"author":[{"embeddable":true,"href":"https:\/\/www.magneto365.com\/manager\/wp-json\/wp\/v2\/users\/11"}],"replies":[{"embeddable":true,"href":"https:\/\/www.magneto365.com\/manager\/wp-json\/wp\/v2\/comments?post=130947"}],"version-history":[{"count":10,"href":"https:\/\/www.magneto365.com\/manager\/wp-json\/wp\/v2\/posts\/130947\/revisions"}],"predecessor-version":[{"id":131561,"href":"https:\/\/www.magneto365.com\/manager\/wp-json\/wp\/v2\/posts\/130947\/revisions\/131561"}],"wp:featuredmedia":[{"embeddable":true,"href":"https:\/\/www.magneto365.com\/manager\/wp-json\/wp\/v2\/media\/130956"}],"wp:attachment":[{"href":"https:\/\/www.magneto365.com\/manager\/wp-json\/wp\/v2\/media?parent=130947"}],"wp:term":[{"taxonomy":"category","embeddable":true,"href":"https:\/\/www.magneto365.com\/manager\/wp-json\/wp\/v2\/categories?post=130947"},{"taxonomy":"post_tag","embeddable":true,"href":"https:\/\/www.magneto365.com\/manager\/wp-json\/wp\/v2\/tags?post=130947"}],"curies":[{"name":"wp","href":"https:\/\/api.w.org\/{rel}","templated":true}]}}