{"id":130982,"date":"2025-06-26T20:54:20","date_gmt":"2025-06-27T01:54:20","guid":{"rendered":"https:\/\/www.magneto365.com\/manager\/?p=130982"},"modified":"2025-06-26T21:12:18","modified_gmt":"2025-06-27T02:12:18","slug":"condiciones-laborales-colombia","status":"publish","type":"post","link":"https:\/\/www.magneto365.com\/manager\/condiciones-laborales-colombia\/","title":{"rendered":"Condiciones laborales: \u00bfQu\u00e9 son, por qu\u00e9 importan?"},"content":{"rendered":"\n<p>En el mundo laboral actual, donde el bienestar y la productividad van de la mano, entender qu\u00e9 son las condiciones laborales se ha vuelto m\u00e1s importante que nunca. <strong>Ya no basta con un buen salario: <\/strong>el entorno en el que se trabaja, las <a href=\"https:\/\/www.magneto365.com\/co\/empleos?f_magneto=1&amp;utm_source=blog&amp;utm_medium=organic&amp;utm_campaign=magneto&amp;utm_content=post-47-20240315-vacantes-laborales\">oportunidades de crecimiento<\/a> y el equilibrio entre vida personal y profesional, tambi\u00e9n forman parte del paquete.<\/p>\n\n\n\n<h2 class=\"wp-block-heading\"><strong>\u00bfQu\u00e9 son las condiciones laborales?<\/strong><\/h2>\n\n\n\n<p>Las condiciones laborales hacen referencia al <strong>conjunto de factores que definen la forma en que una persona desarrolla su trabajo<\/strong> dentro de una empresa. Esto incluye desde aspectos contractuales como el <strong>horario, el salario y los beneficios<\/strong>, hasta elementos como la seguridad, el ambiente f\u00edsico, la carga de trabajo y el trato recibido por parte de superiores y compa\u00f1eros.<\/p>\n\n\n\n<h2 class=\"wp-block-heading\"><strong>\u00bfPor qu\u00e9 son importantes las condiciones laborales en una empresa?<\/strong><\/h2>\n\n\n\n<p>Una buena pol\u00edtica de condiciones laborales no solo protege al empleado, sino que tambi\u00e9n <strong>favorece a la empresa<\/strong>. Trabajadores con entornos saludables y justos:<\/p>\n\n\n\n<ul>\n<li>Son m\u00e1s productivos.<\/li>\n\n\n\n<li>Se comprometen m\u00e1s con sus tareas.<\/li>\n\n\n\n<li>Permanecen m\u00e1s tiempo en la organizaci\u00f3n.<\/li>\n\n\n\n<li>Contribuyen a un mejor clima organizacional.<\/li>\n<\/ul>\n\n\n\n<p>En contraste, unas <strong>malas condiciones laborales<\/strong> pueden derivar en rotaci\u00f3n constante de personal, ausentismo, estr\u00e9s laboral y, en el peor de los casos, conflictos legales.<\/p>\n\n\n\n<div class=\"wp-block-buttons is-content-justification-center is-layout-flex wp-container-1 wp-block-buttons-is-layout-flex\">\n<div class=\"wp-block-button is-style-outline\"><a class=\"wp-block-button__link wp-element-button\" href=\"https:\/\/www.magneto365.com\/es\/landings\/escuela-de-empleabilidad?f_magneto=1&amp;utm_campaign=magneto&amp;utm_content=post-47-20240315-escuela-de-empleabilidad&amp;utm_medium=organic&amp;utm_source=blog\">Inscr\u00edbete a nuestras capacitaciones gratuitas <\/a><\/div>\n<\/div>\n\n\n\n<h2 class=\"wp-block-heading\"><strong>Ejemplos de condiciones laborales actuales en algunas empresas<\/strong><\/h2>\n\n\n\n<p>A continuaci\u00f3n, algunos <strong>ejemplos reales de condiciones laborales<\/strong> que se valoran actualmente:<\/p>\n\n\n\n<ul>\n<li><strong>Horarios flexibles<\/strong>: Poder elegir el inicio y fin de jornada seg\u00fan las necesidades del trabajador.<\/li>\n\n\n\n<li><strong>Teletrabajo o trabajo h\u00edbrido<\/strong>: Permitir <a href=\"https:\/\/www.magneto365.com\/es\/blog\/contratos-trabajo-informacion-completa\">Contratos laborales <\/a>con jornadas remotas o mixtas, especialmente tras la pandemia.<\/li>\n\n\n\n<li><strong>Ambientes seguros y saludables<\/strong>: Lugares de trabajo bien iluminados, ventilados y libres de riesgos.<\/li>\n\n\n\n<li><strong>Apoyo psicosocial<\/strong>: Programas de bienestar emocional o acompa\u00f1amiento psicol\u00f3gico.<\/li>\n\n\n\n<li><strong>Capacitaci\u00f3n continua<\/strong>: Acceso a formaci\u00f3n para mejorar habilidades y escalar profesionalmente.<\/li>\n<\/ul>\n\n\n\n<h2 class=\"wp-block-heading\"><strong>\u00bfC\u00f3mo afectan las malas condiciones laborales a los empleados?<\/strong><\/h2>\n\n\n\n<p>Las condiciones laborales tienen un <strong>impacto directo en la salud f\u00edsica, emocional y mental<\/strong> de quienes trabajan. Cuando se vulneran o ignoran, pueden aparecer problemas como:<\/p>\n\n\n\n<ul>\n<li>Burnout o s\u00edndrome de desgaste profesional.<\/li>\n\n\n\n<li>Problemas f\u00edsicos (dolores musculares, fatiga, trastornos del sue\u00f1o).<\/li>\n\n\n\n<li>Sensaci\u00f3n de injusticia o desmotivaci\u00f3n.<\/li>\n\n\n\n<li>Conflictos laborales frecuentes.<\/li>\n<\/ul>\n\n\n\n<h2 class=\"wp-block-heading\"><strong>Nuevas condiciones laborales con la nueva Ley 2466 del 25 de junio<\/strong><\/h2>\n\n\n\n<p>La m\u00e1s reciente reforma laboral en Colombia representa un paso importante hacia la <strong>dignificaci\u00f3n del empleo<\/strong>, la <strong>formalizaci\u00f3n progresiva<\/strong> y el reconocimiento de los derechos de millones de trabajadores. A continuaci\u00f3n, te compartimos los principales cambios que marcar\u00e1n el rumbo del trabajo en el pa\u00eds:<\/p>\n\n\n\n<h3 class=\"wp-block-heading\"><strong>1. Cambios en la jornada laboral<\/strong><\/h3>\n\n\n\n<ul>\n<li><strong>Jornada diurna:<\/strong> Se mantiene entre las 6:00 a.\u202fm. y las 7:00 p.\u202fm.<\/li>\n\n\n\n<li><strong>Jornada nocturna:<\/strong> Inicia a las 7:00 p.\u202fm. y finaliza a las 6:00 a.\u202fm. del d\u00eda siguiente, con un <strong>recargo del 35%<\/strong> por trabajo nocturno.<\/li>\n<\/ul>\n\n\n\n<h3 class=\"wp-block-heading\"><strong>2. Recargo dominical y festivo<\/strong><\/h3>\n\n\n\n<p>Se incrementar\u00e1 progresivamente el pago por trabajar domingos y festivos, hasta llegar al 100%:<\/p>\n\n\n\n<ul>\n<li>Desde el <strong>1 de julio de 2025:<\/strong> 80% de recargo.<\/li>\n\n\n\n<li>Desde el <strong>1 de julio de 2026:<\/strong> 90% de recargo.<\/li>\n\n\n\n<li>A partir del <strong>1 de julio de 2027:<\/strong> 100% de recargo.<\/li>\n<\/ul>\n\n\n\n<h3 class=\"wp-block-heading\"><strong>3. Dignificaci\u00f3n del contrato de aprendizaje<\/strong><\/h3>\n\n\n\n<p>El contrato de aprendizaje ser\u00e1 <strong>formalizado<\/strong>:<\/p>\n\n\n\n<ul>\n<li>Durante la fase lectiva, el aprendiz recibir\u00e1 el <strong>75% del salario m\u00ednimo<\/strong>, con afiliaci\u00f3n a salud y ARL.<\/li>\n\n\n\n<li>En la etapa pr\u00e1ctica, recibir\u00e1 <strong>el 100% del salario m\u00ednimo<\/strong>, adem\u00e1s de contar con <strong>seguridad social integral, prestaciones sociales y beneficios laborales<\/strong>.<br>Este es un reconocimiento hist\u00f3rico para los aprendices del SENA, cuya contribuci\u00f3n al desarrollo empresarial ha sido clave.<\/li>\n<\/ul>\n\n\n\n<h3 class=\"wp-block-heading\"><strong>4. L\u00edmite al contrato a t\u00e9rmino fijo<\/strong><\/h3>\n\n\n\n<p>Los contratos a t\u00e9rmino fijo tendr\u00e1n una duraci\u00f3n m\u00e1xima de <strong>4 a\u00f1os<\/strong>. La regla general ser\u00e1 promover la <strong><a href=\"https:\/\/www.magneto365.com\/es\/blog\/indemnizacion-contrato-indefinido\">contrataci\u00f3n a t\u00e9rmino indefinido<\/a><\/strong>, con el objetivo de fortalecer la estabilidad laboral.<\/p>\n\n\n\n<h3 class=\"wp-block-heading\"><strong>5. Trabajo en plataformas digitales<\/strong><\/h3>\n\n\n\n<p>Se reconocen <strong>dos formas de vinculaci\u00f3n<\/strong> para quienes trabajan mediante apps y plataformas:<\/p>\n\n\n\n<ul>\n<li><strong>Relaci\u00f3n laboral dependiente<\/strong>: Regida por el C\u00f3digo Sustantivo del Trabajo.<\/li>\n\n\n\n<li><strong>Relaci\u00f3n aut\u00f3noma e independiente<\/strong>: Aplicable principalmente a repartidores, quienes deber\u00e1n estar <strong>afiliados al Sistema de Seguridad Social<\/strong> como trabajadores independientes.<\/li>\n<\/ul>\n\n\n\n<h3 class=\"wp-block-heading\"><strong>6. Trabajo agropecuario y rural<\/strong><\/h3>\n\n\n\n<p>El Gobierno se compromete a emitir una <strong>pol\u00edtica p\u00fablica de apoyo al trabajo agropecuario<\/strong>, que impulse la formalizaci\u00f3n y mejore las condiciones laborales en el campo.<\/p>\n\n\n\n<h3 class=\"wp-block-heading\"><strong>7. Formalizaci\u00f3n de trabajadores sociales<\/strong><\/h3>\n\n\n\n<p>La reforma tambi\u00e9n prioriza la <strong>formalizaci\u00f3n progresiva<\/strong> de trabajadores tradicionalmente excluidos:<\/p>\n\n\n\n<ul>\n<li><strong>Manipuladoras de alimentos del PAE.<\/strong><\/li>\n\n\n\n<li><strong>Madres comunitarias, madres sustitutas y trabajadores de hogares infantiles.<\/strong><br>Estas personas ser\u00e1n reconocidas como <strong>trabajadores oficiales<\/strong>, accediendo as\u00ed a derechos laborales plenos.<\/li>\n<\/ul>\n\n\n\n<h3 class=\"wp-block-heading\"><strong>8. Flexibilidad para el cuidado familiar<\/strong><\/h3>\n\n\n\n<p>Se promover\u00e1 la <strong>flexibilizaci\u00f3n de la jornada laboral<\/strong> para permitir que los trabajadores puedan <strong>cumplir con responsabilidades de cuidado<\/strong>, especialmente en el caso de quienes son cabeza de familia o tienen personas a cargo.<\/p>\n\n\n\n<h2 class=\"wp-block-heading has-text-align-center has-white-color has-text-color has-background\" style=\"background:linear-gradient(135deg,rgb(6,147,227) 2%,rgb(155,81,224) 88%)\"><strong>Conoce en detalle la Ley 2466 del 25 de junio<\/strong><\/h2>\n\n\n\n<div class=\"wp-block-file\"><object class=\"wp-block-file__embed\" data=\"https:\/\/static.magneto365.com\/wordpress\/2025\/06\/26204820\/880819509-PDF-DE-LA-REFORMA-LABORAL-LEY-2466.pdf\" type=\"application\/pdf\" style=\"width:100%;height:600px\" aria-label=\"Incrustado de 880819509-PDF-DE-LA-REFORMA-LABORAL-LEY-2466.\"><\/object><a id=\"wp-block-file--media-fff4aef4-c5cb-4742-bd6d-b2cb2ad98915\" href=\"https:\/\/static.magneto365.com\/wordpress\/2025\/06\/26204820\/880819509-PDF-DE-LA-REFORMA-LABORAL-LEY-2466.pdf\">880819509-PDF-DE-LA-REFORMA-LABORAL-LEY-2466<\/a><a href=\"https:\/\/static.magneto365.com\/wordpress\/2025\/06\/26204820\/880819509-PDF-DE-LA-REFORMA-LABORAL-LEY-2466.pdf\" class=\"wp-block-file__button wp-element-button\" download aria-describedby=\"wp-block-file--media-fff4aef4-c5cb-4742-bd6d-b2cb2ad98915\">Descargar<\/a><\/div>\n\n\n\n<p>\ud83d\udcbc <strong>\u00bfBuscas un empleo con mejores condiciones laborales?<\/strong><br>En Magneto te conectamos con empresas que valoran tu trabajo, te ofrecen estabilidad y respetan tus derechos.<\/p>\n\n\n\n<div class=\"wp-block-buttons is-content-justification-center is-layout-flex wp-container-2 wp-block-buttons-is-layout-flex\">\n<div class=\"wp-block-button is-style-outline\"><a class=\"wp-block-button__link wp-element-button\" href=\"https:\/\/www.magneto365.com\/co\/trabajos\/empleos-por-sector-laboral?f_magneto=1&amp;utm_source=blog-seo&amp;utm_medium=organic&amp;utm_campaign=magneto&amp;utm_content=post-279-20241018-\">Explora oportunidades cerca de ti y post\u00falate gratis.<\/a><\/div>\n<\/div>\n\n\n\n<p><strong>Tambi\u00e9n puedes leer: <\/strong><\/p>\n\n\n\n<p>\ud83d\udd23<a href=\"https:\/\/www.magneto365.com\/es\/calculadora-liquidacion-laboral\">Calculadora de liquidaci\u00f3n laboral<\/a><\/p>\n\n\n\n<p>\ud83d\udca1<a href=\"https:\/\/www.magneto365.com\/es\/blog\/como-prepararse-para-entrevista-de-trabajo\">Pasos cruciales sobre c\u00f3mo prepararse para una entrevista de trabajo<\/a><\/p>\n","protected":false},"excerpt":{"rendered":"<p>En el mundo laboral actual, donde el bienestar y la productividad van de la mano, entender qu\u00e9 son las condiciones laborales se ha vuelto m\u00e1s importante que nunca. Ya no basta con un buen salario: el entorno en el que se trabaja, las oportunidades de crecimiento y el equilibrio entre vida personal y profesional, tambi\u00e9n &hellip; <\/p>\n<p class=\"link-more\"><a href=\"https:\/\/www.magneto365.com\/manager\/condiciones-laborales-colombia\/\" class=\"more-link\">Continuar leyendo<span class=\"screen-reader-text\"> &#8220;Condiciones laborales: \u00bfQu\u00e9 son, por qu\u00e9 importan?&#8221;<\/span><\/a><\/p>\n","protected":false},"author":11,"featured_media":130986,"comment_status":"open","ping_status":"closed","sticky":false,"template":"","format":"standard","meta":{"_uag_custom_page_level_css":"","footnotes":""},"categories":[11,676],"tags":[689,15,353,141,125],"acf":{"floating_modal_blog":{"type":"custom","custom_fields":{"background":"","title":"","text":"","background_button":"","text_button":"","text_color":"","url_button":""}},"image_before_title":{"activate_generic_banner":false}},"contentshake_article_id":"","uagb_featured_image_src":{"full":["https:\/\/static.magneto365.com\/wordpress\/2025\/06\/26205405\/Condiciones-laborales-1.png",828,466,false],"thumbnail":["https:\/\/static.magneto365.com\/wordpress\/2025\/06\/26205405\/Condiciones-laborales-1-150x150.png",150,150,true],"medium":["https:\/\/static.magneto365.com\/wordpress\/2025\/06\/26205405\/Condiciones-laborales-1-300x169.png",300,169,true],"medium_large":["https:\/\/static.magneto365.com\/wordpress\/2025\/06\/26205405\/Condiciones-laborales-1-768x432.png",525,295,true],"large":["https:\/\/static.magneto365.com\/wordpress\/2025\/06\/26205405\/Condiciones-laborales-1.png",525,295,false],"1536x1536":["https:\/\/static.magneto365.com\/wordpress\/2025\/06\/26205405\/Condiciones-laborales-1.png",828,466,false],"2048x2048":["https:\/\/static.magneto365.com\/wordpress\/2025\/06\/26205405\/Condiciones-laborales-1.png",828,466,false],"twentyseventeen-featured-image":["https:\/\/static.magneto365.com\/wordpress\/2025\/06\/26205405\/Condiciones-laborales-1.png",828,466,false],"twentyseventeen-thumbnail-avatar":["https:\/\/static.magneto365.com\/wordpress\/2025\/06\/26205405\/Condiciones-laborales-1-100x100.png",100,100,true]},"uagb_author_info":{"display_name":"Nicolle Pacacira","author_link":"https:\/\/www.magneto365.com\/manager\/author\/nramirez\/"},"uagb_comment_info":0,"uagb_excerpt":"En el mundo laboral actual, donde el bienestar y la productividad van de la mano, entender qu\u00e9 son las condiciones laborales se ha vuelto m\u00e1s importante que nunca. Ya no basta con un buen salario: el entorno en el que se trabaja, las oportunidades de crecimiento y el equilibrio entre vida personal y profesional, tambi\u00e9n&hellip;","_links":{"self":[{"href":"https:\/\/www.magneto365.com\/manager\/wp-json\/wp\/v2\/posts\/130982"}],"collection":[{"href":"https:\/\/www.magneto365.com\/manager\/wp-json\/wp\/v2\/posts"}],"about":[{"href":"https:\/\/www.magneto365.com\/manager\/wp-json\/wp\/v2\/types\/post"}],"author":[{"embeddable":true,"href":"https:\/\/www.magneto365.com\/manager\/wp-json\/wp\/v2\/users\/11"}],"replies":[{"embeddable":true,"href":"https:\/\/www.magneto365.com\/manager\/wp-json\/wp\/v2\/comments?post=130982"}],"version-history":[{"count":2,"href":"https:\/\/www.magneto365.com\/manager\/wp-json\/wp\/v2\/posts\/130982\/revisions"}],"predecessor-version":[{"id":130989,"href":"https:\/\/www.magneto365.com\/manager\/wp-json\/wp\/v2\/posts\/130982\/revisions\/130989"}],"wp:featuredmedia":[{"embeddable":true,"href":"https:\/\/www.magneto365.com\/manager\/wp-json\/wp\/v2\/media\/130986"}],"wp:attachment":[{"href":"https:\/\/www.magneto365.com\/manager\/wp-json\/wp\/v2\/media?parent=130982"}],"wp:term":[{"taxonomy":"category","embeddable":true,"href":"https:\/\/www.magneto365.com\/manager\/wp-json\/wp\/v2\/categories?post=130982"},{"taxonomy":"post_tag","embeddable":true,"href":"https:\/\/www.magneto365.com\/manager\/wp-json\/wp\/v2\/tags?post=130982"}],"curies":[{"name":"wp","href":"https:\/\/api.w.org\/{rel}","templated":true}]}}