{"id":131532,"date":"2025-09-08T18:36:13","date_gmt":"2025-09-08T23:36:13","guid":{"rendered":"https:\/\/www.magneto365.com\/manager\/?p=131532"},"modified":"2025-09-08T18:36:15","modified_gmt":"2025-09-08T23:36:15","slug":"jornada-laboral-colombia-codigo-sustantivo-trabajo","status":"publish","type":"post","link":"https:\/\/www.magneto365.com\/manager\/jornada-laboral-colombia-codigo-sustantivo-trabajo\/","title":{"rendered":"Jornada laboral en Colombia: C\u00f3digo Sustantivo del Trabajo y cambios recientes"},"content":{"rendered":"\n<p>\u00bfQuieres entender de una vez por todas <strong>qu\u00e9 dice la ley sobre la jornada laboral en Colombia<\/strong>? La duraci\u00f3n del trabajo no solo determina tus horarios, tambi\u00e9n influye en tu salario, tu productividad y tu calidad de vida. Con el <strong>C\u00f3digo Sustantivo del Trabajo<\/strong>, el pa\u00eds ha establecido reglas claras para regular la <strong><a href=\"https:\/\/www.magneto365.com\/es\/blog\/cuanto-cuesta-la-hora-de-trabajo-colombia\">jornada laboral en Colombia<\/a><\/strong>, incluyendo la <strong>jornada laboral m\u00e1xima diaria<\/strong>, la <strong>jornada laboral semanal<\/strong> y los recientes cambios que impactan a empresas y trabajadores.<\/p>\n\n\n\n<p>En esta gu\u00eda completa encontrar\u00e1s todo lo que necesitas: definici\u00f3n, aspectos legales, evoluci\u00f3n de la normativa y c\u00f3mo qued\u00f3 la <strong>nueva jornada laboral en Colombia<\/strong> tras las \u00faltimas reformas.<\/p>\n\n\n\n<div class=\"wp-block-buttons is-content-justification-center is-layout-flex wp-container-1 wp-block-buttons-is-layout-flex\">\n<div class=\"wp-block-button is-style-outline\"><a class=\"wp-block-button__link wp-element-button\" href=\"https:\/\/www.magneto365.com\/co\/trabajos\/empleo-sin-experiencia-bogota\">Oportunidades laborales para personas sin experiencia<\/a><\/div>\n<\/div>\n\n\n\n<h2 class=\"wp-block-heading\"><strong>Definici\u00f3n de jornada laboral en Colombia seg\u00fan el C\u00f3digo Sustantivo del Trabajo<\/strong><\/h2>\n\n\n\n<p>El <strong>C\u00f3digo Sustantivo del Trabajo<\/strong> define la <strong>jornada laboral en Colombia<\/strong> como el tiempo que un trabajador dedica diariamente a cumplir con sus funciones bajo la relaci\u00f3n contractual.<\/p>\n\n\n\n<p>De acuerdo con esta norma:<\/p>\n\n\n\n<ul>\n<li>La <strong>jornada laboral m\u00e1xima diaria en Colombia<\/strong> es de 8 horas.<\/li>\n\n\n\n<li>La <strong>jornada laboral m\u00e1xima semanal<\/strong> es de 48 horas.<\/li>\n\n\n\n<li>Puede distribuirse en 6 d\u00edas o bajo modalidades flexibles siempre que no se exceda el tope legal.<\/li>\n<\/ul>\n\n\n\n<p><strong>En conclusi\u00f3n:<\/strong> la jornada laboral es el marco que establece cu\u00e1nto tiempo trabajas y bajo qu\u00e9 condiciones, garantizando un equilibrio entre la vida laboral y personal.<\/p>\n\n\n\n<h2 class=\"wp-block-heading\"><strong>Jornada laboral en Colombia: aspectos legales y normativos<\/strong><\/h2>\n\n\n\n<p>La <strong>jornada laboral legal en Colombia<\/strong> se rige por el C\u00f3digo Sustantivo del Trabajo y por tratados internacionales ratificados por el pa\u00eds, como los convenios de la OIT.<\/p>\n\n\n\n<p>Los puntos clave de la normativa son:<\/p>\n\n\n\n<ul>\n<li><strong>Duraci\u00f3n m\u00e1xima:<\/strong> 8 horas diarias y 48 horas semanales.<\/li>\n\n\n\n<li><strong>Trabajo nocturno:<\/strong> entre 9:00 p. m. y 6:00 a. m., con recargos especiales.<\/li>\n\n\n\n<li><strong>Horas extras:<\/strong> permitidas bajo autorizaci\u00f3n, con pago adicional.<\/li>\n\n\n\n<li><strong>Descanso dominical:<\/strong> obligatorio, salvo excepciones reguladas.<\/li>\n<\/ul>\n\n\n\n<p>\ud83d\udc49 Conocer estas normas evita abusos y permite a los trabajadores reclamar sus derechos en caso de incumplimiento.<\/p>\n\n\n\n<h2 class=\"wp-block-heading\"><strong>Nueva jornada laboral en Colombia: cambios y actualizaciones<\/strong><\/h2>\n\n\n\n<p>Uno de los temas m\u00e1s comentados en los \u00faltimos a\u00f1os es la <strong>reducci\u00f3n gradual de la jornada laboral en Colombia<\/strong>. Seg\u00fan la <strong>Ley 2101 de 2021<\/strong>, la jornada pas\u00f3 de 48 a 42 horas semanales de manera progresiva:<\/p>\n\n\n\n<ul>\n<li>Desde 2023: 47 horas semanales.<\/li>\n\n\n\n<li>Desde 2024: 46 horas semanales.<\/li>\n\n\n\n<li>Desde 2025: 44 horas semanales.<\/li>\n\n\n\n<li>Desde 2026: 42 horas semanales.<\/li>\n<\/ul>\n\n\n\n<p>Esto significa que, aunque el <strong>C\u00f3digo Sustantivo del Trabajo<\/strong> fijaba un m\u00e1ximo de 48 horas, la <strong>jornada laboral actual en Colombia<\/strong> se ajusta poco a poco a un modelo m\u00e1s corto y moderno.<\/p>\n\n\n\n<div class=\"wp-block-buttons is-content-justification-center is-layout-flex wp-container-2 wp-block-buttons-is-layout-flex\">\n<div class=\"wp-block-button is-style-outline\"><a class=\"wp-block-button__link wp-element-button\" href=\"https:\/\/www.magneto365.com\/co\/trabajos\/tiendas-ara\">Vacantes abiertas en tiendas ARA<\/a><\/div>\n<\/div>\n\n\n\n<h2 class=\"wp-block-heading\"><strong>Impacto del cambio de jornada laboral en Colombia<\/strong><\/h2>\n\n\n\n<p>La reducci\u00f3n de la jornada laboral no es solo una modificaci\u00f3n legal; tiene efectos reales en la vida de trabajadores y empresas.<\/p>\n\n\n\n<h3 class=\"wp-block-heading\"><strong>Para los trabajadores:<\/strong><\/h3>\n\n\n\n<ul>\n<li>M\u00e1s tiempo para la familia, el estudio o el descanso.<\/li>\n\n\n\n<li>Mejor salud f\u00edsica y mental.<\/li>\n\n\n\n<li>Mayor motivaci\u00f3n laboral.<\/li>\n<\/ul>\n\n\n\n<h3 class=\"wp-block-heading\"><strong>Para las empresas:<\/strong><\/h3>\n\n\n\n<ul>\n<li>Retos en la organizaci\u00f3n de turnos.<\/li>\n\n\n\n<li>Necesidad de mayor eficiencia y productividad.<\/li>\n\n\n\n<li>Posible contrataci\u00f3n de m\u00e1s personal en ciertos sectores.<\/li>\n<\/ul>\n\n\n\n<p>En general, la medida busca equilibrar la competitividad empresarial con el bienestar de los empleados.<\/p>\n\n\n\n<h2 class=\"wp-block-heading\"><strong>Consejos pr\u00e1cticos para empleados y empleadores<\/strong><\/h2>\n\n\n\n<p>La gesti\u00f3n de la jornada laboral no solo depende de la ley, tambi\u00e9n de la cultura organizacional. Aqu\u00ed algunas recomendaciones:<\/p>\n\n\n\n<ul>\n<li><strong>Lleva un registro confiable de tu jornada laboral:<\/strong> sirve como prueba en caso de disputas.<\/li>\n\n\n\n<li><strong>Negocia modalidades flexibles:<\/strong> muchas empresas permiten adaptar horarios.<\/li>\n\n\n\n<li><strong>Evita excesos de horas extras:<\/strong> afectan tu salud y tu rendimiento.<\/li>\n\n\n\n<li><strong>Capacita a tu equipo en gesti\u00f3n del tiempo:<\/strong> mejora la productividad con menos horas.<\/li>\n<\/ul>\n\n\n\n<p>La <strong>jornada laboral en Colombia seg\u00fan el C\u00f3digo Sustantivo del Trabajo<\/strong> ha evolucionado hacia un modelo m\u00e1s humano y balanceado. Hoy, la <strong>jornada laboral legal en Colombia<\/strong> no solo protege al trabajador, tambi\u00e9n busca que las empresas sean m\u00e1s eficientes y competitivas.<\/p>\n\n\n\n<p>Ahora que conoces la <strong>jornada laboral actual en Colombia<\/strong> y los cambios recientes, es el momento de pensar en tu futuro profesional. En <strong>Magneto<\/strong> encontrar\u00e1s oportunidades laborales que comparten el equilibrio con la nueva jornada laboral. <\/p>\n\n\n\n<div class=\"wp-block-buttons is-content-justification-center is-layout-flex wp-container-3 wp-block-buttons-is-layout-flex\">\n<div class=\"wp-block-button is-style-outline\"><a class=\"wp-block-button__link wp-element-button\" href=\"https:\/\/www.magneto365.com\/co\/trabajos\/empleo-sin-experiencia-bogota\">Oportunidades laborales para personas sin experiencia<\/a><\/div>\n<\/div>\n\n\n\n<p><strong>Tambi\u00e9n puedes leer: <\/strong><\/p>\n\n\n\n<p>\ud83d\udc49<a href=\"https:\/\/www.magneto365.com\/es\/blog\/preaviso-contrato-termino-fijo\">Preaviso en un contrato a t\u00e9rmino fijo: lo que debes saber<\/a><\/p>\n\n\n\n<p>\ud83d\udd23<a href=\"https:\/\/www.magneto365.com\/es\/calculadora-liquidacion-laboral\">Calculadora de liquidaci\u00f3n laboral<\/a><\/p>\n\n\n\n<p><\/p>\n","protected":false},"excerpt":{"rendered":"<p>\u00bfQuieres entender de una vez por todas qu\u00e9 dice la ley sobre la jornada laboral en Colombia? La duraci\u00f3n del trabajo no solo determina tus horarios, tambi\u00e9n influye en tu salario, tu productividad y tu calidad de vida. Con el C\u00f3digo Sustantivo del Trabajo, el pa\u00eds ha establecido reglas claras para regular la jornada laboral &hellip; <\/p>\n<p class=\"link-more\"><a href=\"https:\/\/www.magneto365.com\/manager\/jornada-laboral-colombia-codigo-sustantivo-trabajo\/\" class=\"more-link\">Continuar leyendo<span class=\"screen-reader-text\"> &#8220;Jornada laboral en Colombia: C\u00f3digo Sustantivo del Trabajo y cambios recientes&#8221;<\/span><\/a><\/p>\n","protected":false},"author":11,"featured_media":131533,"comment_status":"open","ping_status":"closed","sticky":false,"template":"","format":"standard","meta":{"_uag_custom_page_level_css":"","footnotes":""},"categories":[11,641],"tags":[700,698,15,20],"acf":{"floating_modal_blog":{"type":"custom","custom_fields":{"background":"","title":"","text":"","background_button":"","text_button":"","text_color":"","url_button":""}},"image_before_title":{"activate_generic_banner":false}},"contentshake_article_id":"","uagb_featured_image_src":{"full":["https:\/\/static.magneto365.com\/wordpress\/2025\/09\/08182844\/Jornada-laboral-en-colombia-codigo-sustantivo-del-trabajo.png",828,466,false],"thumbnail":["https:\/\/static.magneto365.com\/wordpress\/2025\/09\/08182844\/Jornada-laboral-en-colombia-codigo-sustantivo-del-trabajo-150x150.png",150,150,true],"medium":["https:\/\/static.magneto365.com\/wordpress\/2025\/09\/08182844\/Jornada-laboral-en-colombia-codigo-sustantivo-del-trabajo-300x169.png",300,169,true],"medium_large":["https:\/\/static.magneto365.com\/wordpress\/2025\/09\/08182844\/Jornada-laboral-en-colombia-codigo-sustantivo-del-trabajo-768x432.png",525,295,true],"large":["https:\/\/static.magneto365.com\/wordpress\/2025\/09\/08182844\/Jornada-laboral-en-colombia-codigo-sustantivo-del-trabajo.png",525,295,false],"1536x1536":["https:\/\/static.magneto365.com\/wordpress\/2025\/09\/08182844\/Jornada-laboral-en-colombia-codigo-sustantivo-del-trabajo.png",828,466,false],"2048x2048":["https:\/\/static.magneto365.com\/wordpress\/2025\/09\/08182844\/Jornada-laboral-en-colombia-codigo-sustantivo-del-trabajo.png",828,466,false],"twentyseventeen-featured-image":["https:\/\/static.magneto365.com\/wordpress\/2025\/09\/08182844\/Jornada-laboral-en-colombia-codigo-sustantivo-del-trabajo.png",828,466,false],"twentyseventeen-thumbnail-avatar":["https:\/\/static.magneto365.com\/wordpress\/2025\/09\/08182844\/Jornada-laboral-en-colombia-codigo-sustantivo-del-trabajo-100x100.png",100,100,true]},"uagb_author_info":{"display_name":"Nicolle Pacacira","author_link":"https:\/\/www.magneto365.com\/manager\/author\/nramirez\/"},"uagb_comment_info":0,"uagb_excerpt":"\u00bfQuieres entender de una vez por todas qu\u00e9 dice la ley sobre la jornada laboral en Colombia? La duraci\u00f3n del trabajo no solo determina tus horarios, tambi\u00e9n influye en tu salario, tu productividad y tu calidad de vida. Con el C\u00f3digo Sustantivo del Trabajo, el pa\u00eds ha establecido reglas claras para regular la jornada laboral&hellip;","_links":{"self":[{"href":"https:\/\/www.magneto365.com\/manager\/wp-json\/wp\/v2\/posts\/131532"}],"collection":[{"href":"https:\/\/www.magneto365.com\/manager\/wp-json\/wp\/v2\/posts"}],"about":[{"href":"https:\/\/www.magneto365.com\/manager\/wp-json\/wp\/v2\/types\/post"}],"author":[{"embeddable":true,"href":"https:\/\/www.magneto365.com\/manager\/wp-json\/wp\/v2\/users\/11"}],"replies":[{"embeddable":true,"href":"https:\/\/www.magneto365.com\/manager\/wp-json\/wp\/v2\/comments?post=131532"}],"version-history":[{"count":1,"href":"https:\/\/www.magneto365.com\/manager\/wp-json\/wp\/v2\/posts\/131532\/revisions"}],"predecessor-version":[{"id":131534,"href":"https:\/\/www.magneto365.com\/manager\/wp-json\/wp\/v2\/posts\/131532\/revisions\/131534"}],"wp:featuredmedia":[{"embeddable":true,"href":"https:\/\/www.magneto365.com\/manager\/wp-json\/wp\/v2\/media\/131533"}],"wp:attachment":[{"href":"https:\/\/www.magneto365.com\/manager\/wp-json\/wp\/v2\/media?parent=131532"}],"wp:term":[{"taxonomy":"category","embeddable":true,"href":"https:\/\/www.magneto365.com\/manager\/wp-json\/wp\/v2\/categories?post=131532"},{"taxonomy":"post_tag","embeddable":true,"href":"https:\/\/www.magneto365.com\/manager\/wp-json\/wp\/v2\/tags?post=131532"}],"curies":[{"name":"wp","href":"https:\/\/api.w.org\/{rel}","templated":true}]}}