{"id":132000,"date":"2025-12-01T14:00:00","date_gmt":"2025-12-01T19:00:00","guid":{"rendered":"https:\/\/www.magneto365.com\/manager\/?p=132000"},"modified":"2025-11-12T10:37:52","modified_gmt":"2025-11-12T15:37:52","slug":"periodo-proteccion-laboral-colombia","status":"publish","type":"post","link":"https:\/\/www.magneto365.com\/manager\/periodo-proteccion-laboral-colombia\/","title":{"rendered":"Periodo de protecci\u00f3n laboral por parte de la EPS: conserva tu cobertura m\u00e9dica despu\u00e9s de perder tu empleo"},"content":{"rendered":"\n<p>Perder un trabajo puede ser estresante, especialmente cuando piensas en c\u00f3mo mantener tu seguridad social. Pero pocos saben que la ley colombiana protege a los trabajadores a trav\u00e9s del <strong>Periodo de Protecci\u00f3n Laboral (PPL)<\/strong>, un mecanismo que te permite conservar los servicios de salud por un tiempo limitado despu\u00e9s de quedar desempleado.<\/p>\n\n\n\n<p>A continuaci\u00f3n, te explicamos c\u00f3mo funciona este beneficio, qui\u00e9nes pueden acceder y qu\u00e9 debes hacer para mantener tu cobertura activa.<\/p>\n\n\n\n<h2 class=\"wp-block-heading\"><strong>Qu\u00e9 es el periodo de protecci\u00f3n laboral (PPL)<\/strong><\/h2>\n\n\n\n<p>El <strong>PPL<\/strong> es un derecho que otorga la <strong>Ley 100 de 1993<\/strong> y sus decretos reglamentarios. Permite que los trabajadores afiliados a una <strong>EPS<\/strong> (Entidad Promotora de Salud) sigan recibiendo atenci\u00f3n m\u00e9dica hasta por <strong>30 d\u00edas calendario<\/strong> despu\u00e9s de terminar su contrato laboral.<\/p>\n\n\n\n<p>Su prop\u00f3sito es <strong>garantizar la continuidad del servicio m\u00e9dico<\/strong> mientras la persona encuentra un nuevo empleo o define su situaci\u00f3n de afiliaci\u00f3n.<\/p>\n\n\n\n<div class=\"wp-block-buttons is-layout-flex wp-block-buttons-is-layout-flex\">\n<div class=\"wp-block-button is-style-outline\"><a class=\"wp-block-button__link wp-element-button\" href=\"https:\/\/www.magneto365.com\/co\/empleos?f_magneto=1&amp;utm_source=blog&amp;utm_medium=organic&amp;utm_campaign=magneto&amp;utm_content=post-47-20240315-vacantes-laborales\">Consulta en Magneto las ofertas de empleo y recupera tu estabilidad laboral<\/a><\/div>\n<\/div>\n\n\n\n<h2 class=\"wp-block-heading\"><strong>Qui\u00e9nes pueden acceder al periodo de protecci\u00f3n laboral<\/strong><\/h2>\n\n\n\n<p>Para beneficiarte del PPL debes cumplir con los siguientes requisitos:<\/p>\n\n\n\n<ul>\n<li>Haber estado afiliado como <strong>trabajador dependiente<\/strong> a una EPS.<\/li>\n\n\n\n<li>Haber cotizado al menos <strong>cuatro semanas consecutivas<\/strong> antes de terminar el contrato.<\/li>\n\n\n\n<li>No estar afiliado inmediatamente a otro r\u00e9gimen (ni contributivo ni subsidiado).<\/li>\n<\/ul>\n\n\n\n<p>Si cumples con estos criterios, tu EPS debe garantizarte el acceso al sistema de salud durante un mes m\u00e1s sin necesidad de nuevos aportes.<\/p>\n\n\n\n<h3 class=\"wp-block-heading\"><strong>Qu\u00e9 servicios cubre el PPL<\/strong><\/h3>\n\n\n\n<p>Durante este periodo, los beneficiarios conservan:<\/p>\n\n\n\n<ul>\n<li>Atenci\u00f3n m\u00e9dica general y especializada.<\/li>\n\n\n\n<li>Entrega de medicamentos formulados.<\/li>\n\n\n\n<li>Servicios de urgencias y hospitalizaci\u00f3n.<\/li>\n\n\n\n<li>Acceso a controles prenatales, pedi\u00e1tricos y tratamientos en curso.<\/li>\n<\/ul>\n\n\n\n<p>No incluye servicios nuevos de alto costo ni tratamientos programados a largo plazo, pero s\u00ed mantiene la atenci\u00f3n b\u00e1sica y continua.<\/p>\n\n\n\n<h2 class=\"wp-block-heading\"><strong>C\u00f3mo acceder al periodo de protecci\u00f3n laboral<\/strong><\/h2>\n\n\n\n<ol>\n<li><strong>Comun\u00edcate con tu EPS<\/strong> y notifica la terminaci\u00f3n de tu contrato laboral.<\/li>\n\n\n\n<li><strong>Verifica tu estado en el sistema.<\/strong> En la plataforma <em>Mi Seguridad Social<\/em> puedes confirmar que est\u00e1s en periodo de protecci\u00f3n.<\/li>\n\n\n\n<li><strong>Aprovecha este tiempo<\/strong> para afiliarte nuevamente como cotizante independiente o buscar empleo formal.<\/li>\n<\/ol>\n\n\n\n<p>Recuerda que no necesitas hacer un tr\u00e1mite adicional: el beneficio se activa autom\u00e1ticamente cuando cumples los requisitos.<\/p>\n\n\n\n<h3 class=\"wp-block-heading\"><strong>Qu\u00e9 pasa despu\u00e9s de los 30 d\u00edas<\/strong><\/h3>\n\n\n\n<p>Si al finalizar el periodo no has conseguido un empleo formal, puedes:<\/p>\n\n\n\n<ul>\n<li>Afiliarte al <strong>r\u00e9gimen subsidiado<\/strong>, si tus ingresos son bajos.<\/li>\n\n\n\n<li>Realizar aportes como <strong>independiente voluntario<\/strong> para mantener la afiliaci\u00f3n contributiva.<\/li>\n\n\n\n<li>Consultar si calificas para el <strong><a href=\"https:\/\/www.magneto365.com\/co\/blog\/subsidio-desempleo-colombia\">seguro de desempleo<\/a><\/strong>, que cubre salud y pensi\u00f3n hasta por seis meses.<\/li>\n<\/ul>\n\n\n\n<p>El Periodo de Protecci\u00f3n Laboral es una garant\u00eda temporal, pero valiosa, que evita que pierdas acceso a la salud justo cuando m\u00e1s lo necesitas. Conocer tus derechos te permite actuar con seguridad y proteger tu bienestar y el de tu familia.<\/p>\n\n\n\n<div class=\"wp-block-buttons is-layout-flex wp-block-buttons-is-layout-flex\">\n<div class=\"wp-block-button is-style-outline\"><a class=\"wp-block-button__link wp-element-button\" href=\"https:\/\/www.magneto365.com\/co\/empleos?f_magneto=1&amp;utm_source=blog&amp;utm_medium=organic&amp;utm_campaign=magneto&amp;utm_content=post-47-20240315-vacantes-laborales\">Consulta en Magneto las ofertas de empleo y recupera tu estabilidad laboral<\/a><\/div>\n<\/div>\n\n\n\n<p><strong>Tambi\u00e9n puedes leer: <\/strong><\/p>\n\n\n\n<p>\ud83d\udc69\u200d\ud83d\udcbb<a href=\"https:\/\/www.magneto365.com\/es\/blog\/que-es-jornada-laboral\">Jornada laboral: todo lo que necesitas saber para entenderla y gestionarla mejor<\/a><\/p>\n\n\n\n<p>\ud83d\udc69\u200d\ud83d\udcbb<a href=\"https:\/\/www.magneto365.com\/es\/blog\/liquidar-prestaciones-sociales-colombia\">As\u00ed es como se liquidan las prestaciones sociales<\/a><\/p>\n","protected":false},"excerpt":{"rendered":"<p>Perder un trabajo puede ser estresante, especialmente cuando piensas en c\u00f3mo mantener tu seguridad social. Pero pocos saben que la ley colombiana protege a los trabajadores a trav\u00e9s del Periodo de Protecci\u00f3n Laboral (PPL), un mecanismo que te permite conservar los servicios de salud por un tiempo limitado despu\u00e9s de quedar desempleado. A continuaci\u00f3n, te &hellip; <\/p>\n<p class=\"link-more\"><a href=\"https:\/\/www.magneto365.com\/manager\/periodo-proteccion-laboral-colombia\/\" class=\"more-link\">Continuar leyendo<span class=\"screen-reader-text\"> &#8220;Periodo de protecci\u00f3n laboral por parte de la EPS: conserva tu cobertura m\u00e9dica despu\u00e9s de perder tu empleo&#8221;<\/span><\/a><\/p>\n","protected":false},"author":11,"featured_media":132002,"comment_status":"open","ping_status":"closed","sticky":false,"template":"","format":"standard","meta":{"_uag_custom_page_level_css":"","footnotes":""},"categories":[11,763],"tags":[15,771,764,141,20],"acf":{"floating_modal_blog":{"type":"disable","custom_fields":{"background":"","title":"","text":"","background_button":"","text_button":"","text_color":"","url_button":""}},"image_before_title":{"activate_generic_banner":false}},"contentshake_article_id":"","uagb_featured_image_src":{"full":["https:\/\/static.magneto365.com\/wordpress\/2025\/11\/12103623\/KW-periodo-de-proteccion-laboral-por-parte-de-la-eps.png",828,466,false],"thumbnail":["https:\/\/static.magneto365.com\/wordpress\/2025\/11\/12103623\/KW-periodo-de-proteccion-laboral-por-parte-de-la-eps-150x150.png",150,150,true],"medium":["https:\/\/static.magneto365.com\/wordpress\/2025\/11\/12103623\/KW-periodo-de-proteccion-laboral-por-parte-de-la-eps-300x169.png",300,169,true],"medium_large":["https:\/\/static.magneto365.com\/wordpress\/2025\/11\/12103623\/KW-periodo-de-proteccion-laboral-por-parte-de-la-eps-768x432.png",525,295,true],"large":["https:\/\/static.magneto365.com\/wordpress\/2025\/11\/12103623\/KW-periodo-de-proteccion-laboral-por-parte-de-la-eps.png",525,295,false],"1536x1536":["https:\/\/static.magneto365.com\/wordpress\/2025\/11\/12103623\/KW-periodo-de-proteccion-laboral-por-parte-de-la-eps.png",828,466,false],"2048x2048":["https:\/\/static.magneto365.com\/wordpress\/2025\/11\/12103623\/KW-periodo-de-proteccion-laboral-por-parte-de-la-eps.png",828,466,false],"twentyseventeen-featured-image":["https:\/\/static.magneto365.com\/wordpress\/2025\/11\/12103623\/KW-periodo-de-proteccion-laboral-por-parte-de-la-eps.png",828,466,false],"twentyseventeen-thumbnail-avatar":["https:\/\/static.magneto365.com\/wordpress\/2025\/11\/12103623\/KW-periodo-de-proteccion-laboral-por-parte-de-la-eps-100x100.png",100,100,true]},"uagb_author_info":{"display_name":"Nicolle Pacacira","author_link":"https:\/\/www.magneto365.com\/manager\/author\/nramirez\/"},"uagb_comment_info":0,"uagb_excerpt":"Perder un trabajo puede ser estresante, especialmente cuando piensas en c\u00f3mo mantener tu seguridad social. Pero pocos saben que la ley colombiana protege a los trabajadores a trav\u00e9s del Periodo de Protecci\u00f3n Laboral (PPL), un mecanismo que te permite conservar los servicios de salud por un tiempo limitado despu\u00e9s de quedar desempleado. A continuaci\u00f3n, te&hellip;","_links":{"self":[{"href":"https:\/\/www.magneto365.com\/manager\/wp-json\/wp\/v2\/posts\/132000"}],"collection":[{"href":"https:\/\/www.magneto365.com\/manager\/wp-json\/wp\/v2\/posts"}],"about":[{"href":"https:\/\/www.magneto365.com\/manager\/wp-json\/wp\/v2\/types\/post"}],"author":[{"embeddable":true,"href":"https:\/\/www.magneto365.com\/manager\/wp-json\/wp\/v2\/users\/11"}],"replies":[{"embeddable":true,"href":"https:\/\/www.magneto365.com\/manager\/wp-json\/wp\/v2\/comments?post=132000"}],"version-history":[{"count":1,"href":"https:\/\/www.magneto365.com\/manager\/wp-json\/wp\/v2\/posts\/132000\/revisions"}],"predecessor-version":[{"id":132003,"href":"https:\/\/www.magneto365.com\/manager\/wp-json\/wp\/v2\/posts\/132000\/revisions\/132003"}],"wp:featuredmedia":[{"embeddable":true,"href":"https:\/\/www.magneto365.com\/manager\/wp-json\/wp\/v2\/media\/132002"}],"wp:attachment":[{"href":"https:\/\/www.magneto365.com\/manager\/wp-json\/wp\/v2\/media?parent=132000"}],"wp:term":[{"taxonomy":"category","embeddable":true,"href":"https:\/\/www.magneto365.com\/manager\/wp-json\/wp\/v2\/categories?post=132000"},{"taxonomy":"post_tag","embeddable":true,"href":"https:\/\/www.magneto365.com\/manager\/wp-json\/wp\/v2\/tags?post=132000"}],"curies":[{"name":"wp","href":"https:\/\/api.w.org\/{rel}","templated":true}]}}