{"id":133945,"date":"2025-12-11T10:00:00","date_gmt":"2025-12-11T15:00:00","guid":{"rendered":"https:\/\/www.magneto365.com\/manager\/?p=133945"},"modified":"2025-12-09T18:30:56","modified_gmt":"2025-12-09T23:30:56","slug":"que-es-el-desempleo-tipos-causas-colombia","status":"publish","type":"post","link":"https:\/\/www.magneto365.com\/manager\/que-es-el-desempleo-tipos-causas-colombia\/","title":{"rendered":"\u00bfQu\u00e9 es el desempleo y por qu\u00e9 afecta tu b\u00fasqueda de trabajo?"},"content":{"rendered":"\n<p>El desempleo es un fen\u00f3meno econ\u00f3mico que afecta a millones de personas en todo el mundo. <strong>Se refiere a la situaci\u00f3n en la que individuos en edad y capacidad de trabajar no pueden encontrar empleo.<\/strong> Este problema no solo impacta a los individuos, sino tambi\u00e9n a las econom\u00edas nacionales.<\/p>\n\n\n\n<p>Comprender qu\u00e9 es el desempleo es crucial para abordar sus causas y consecuencias. Existen diferentes tipos de desempleo, cada uno con sus propias caracter\u00edsticas y desaf\u00edos. Estos incluyen el <strong>desempleo estructural, c\u00edclico y friccional<\/strong>, entre otros.<\/p>\n\n\n\n<p>La <strong>tasa de desempleo<\/strong> es un indicador clave que mide el porcentaje de la fuerza laboral que est\u00e1 desempleada. Este dato es esencial para evaluar la salud econ\u00f3mica de un pa\u00eds. Sin embargo, no siempre refleja la realidad completa del mercado laboral.<\/p>\n\n\n\n<p>En <strong>Colombia<\/strong>, el desempleo es un tema de gran relevancia. Las cifras de desempleo en Colombia han fluctuado en los \u00faltimos a\u00f1os, afectando a diversas regiones y sectores. <strong>Identificar las causas del desempleo en Colombia es fundamental para implementar soluciones efectivas<\/strong> y para que t\u00fa, como candidato, entiendas mejor el mercado laboral al que quieres ingresar.<\/p>\n\n\n\n<div class=\"wp-block-buttons is-content-justification-center is-layout-flex wp-container-1 wp-block-buttons-is-layout-flex\">\n<div class=\"wp-block-button is-style-outline\"><a class=\"wp-block-button__link wp-element-button\" href=\"https:\/\/www.magneto365.com\/co\/empleos?f_magneto=1&amp;utm_source=blog&amp;utm_medium=organic&amp;utm_campaign=magneto&amp;utm_content=post-47-20240315-vacantes-laborales\">Explora las oportunidades laborales disponibles y da el siguiente paso hacia tu nueva etapa profesional.<\/a><\/div>\n<\/div>\n\n\n\n<p>Las <strong>consecuencias del desempleo<\/strong> son profundas y variadas. Afectan tanto a nivel individual como social, generando problemas econ\u00f3micos y emocionales. Por ello, es vital explorar estrategias para reducir el desempleo y mitigar sus efectos.<\/p>\n\n\n\n<figure class=\"wp-block-image\"><img decoding=\"async\" loading=\"lazy\" width=\"1024\" height=\"1024\" src=\"https:\/\/static.magneto365.com\/wordpress\/2025\/12\/09183008\/image-1-1.png\" alt=\"Gr\u00e1fico de tasas de desempleo mundial a lo largo del tiempo\" class=\"wp-image-133956\" title=\"Gr\u00e1fico de tasas de desempleo mundial a lo largo del tiempo\" srcset=\"https:\/\/static.magneto365.com\/wordpress\/2025\/12\/09183008\/image-1-1.png 1024w, https:\/\/static.magneto365.com\/wordpress\/2025\/12\/09183008\/image-1-1-300x300.png 300w, https:\/\/static.magneto365.com\/wordpress\/2025\/12\/09183008\/image-1-1-150x150.png 150w, https:\/\/static.magneto365.com\/wordpress\/2025\/12\/09183008\/image-1-1-768x768.png 768w, https:\/\/static.magneto365.com\/wordpress\/2025\/12\/09183008\/image-1-1-100x100.png 100w\" sizes=\"(max-width: 767px) 89vw, (max-width: 1000px) 54vw, (max-width: 1071px) 543px, 580px\" \/><\/figure>\n\n\n\n<h2 class=\"wp-block-heading\"><strong>\u00bfQu\u00e9 es el desempleo?<\/strong><\/h2>\n\n\n\n<p>El desempleo se refiere a la situaci\u00f3n en la que individuos en edad de trabajar desean y est\u00e1n disponibles para trabajar, <strong>pero no pueden encontrar empleo<\/strong>. Es un desaf\u00edo persistente en econom\u00edas globales, afectando tanto a personas como a comunidades.<\/p>\n\n\n\n<p>Los economistas consideran el desempleo como un <strong>indicador negativo de la salud econ\u00f3mica<\/strong>. Refleja desperdicio de recursos humanos y genera una carga econ\u00f3mica y social significativa. Adem\u00e1s, cuando las personas no trabajan, no contribuyen al crecimiento econ\u00f3mico.<\/p>\n\n\n\n<p>Para comprender completamente el desempleo, es vital diferenciar entre <strong>falta de empleo<\/strong> e <strong>inactividad<\/strong>. No todas las personas sin empleo est\u00e1n desempleadas. Por ejemplo, los estudiantes o los jubilados no buscan empleo activamente.<\/p>\n\n\n\n<p>La medici\u00f3n del desempleo se realiza mediante la <strong>tasa de desempleo<\/strong>, porcentaje de la poblaci\u00f3n activa que est\u00e1 desempleada. Sin embargo, este c\u00e1lculo <strong>no incluye a los trabajadores desalentados<\/strong>, quienes han dejado de buscar empleo activamente (algo muy com\u00fan en Colombia).<\/p>\n\n\n\n<p>El desempleo adopta m\u00faltiples formas seg\u00fan sus causas y caracter\u00edsticas:<\/p>\n\n\n\n<ul>\n<li><strong>Estructural<\/strong>, cuando hay desajuste entre habilidades y vacantes.<\/li>\n\n\n\n<li><strong>C\u00edclico<\/strong>, cuando la econom\u00eda entra en crisis.<\/li>\n\n\n\n<li><strong>Friccional<\/strong>, cuando alguien est\u00e1 entre empleos.<\/li>\n<\/ul>\n\n\n\n<h2 class=\"wp-block-heading\"><strong>Tipos de desempleo<\/strong><\/h2>\n\n\n\n<p>El desempleo no es un fen\u00f3meno homog\u00e9neo. <strong>Existen varios tipos, cada uno con caracter\u00edsticas \u00fanicas que exigen respuestas espec\u00edficas.<\/strong> Comprenderlos es fundamental para dise\u00f1ar pol\u00edticas laborales efectivas y para que t\u00fa entiendas por qu\u00e9 a veces encontrar empleo es m\u00e1s dif\u00edcil.<\/p>\n\n\n\n<h3 class=\"wp-block-heading\"><strong>1. Desempleo c\u00edclico<\/strong><\/h3>\n\n\n\n<p>Surge por recesiones econ\u00f3micas.<br>Cuando baja la demanda de bienes y servicios, tambi\u00e9n disminuye la producci\u00f3n y se pierden empleos.<\/p>\n\n\n\n<h3 class=\"wp-block-heading\"><strong>2. Desempleo estructural<\/strong><\/h3>\n\n\n\n<p>Ocurre cuando no existe coincidencia entre las habilidades de los trabajadores y las ofertas laborales.<br>Causas frecuentes:<\/p>\n\n\n\n<ul>\n<li>Avances tecnol\u00f3gicos<\/li>\n\n\n\n<li>Globalizaci\u00f3n<\/li>\n\n\n\n<li>Cambio en industrias tradicionales<\/li>\n<\/ul>\n\n\n\n<h3 class=\"wp-block-heading\"><strong>3. Desempleo friccional<\/strong><\/h3>\n\n\n\n<p>Ocurre en el tiempo natural que tarda una persona en cambiar de trabajo.<br>Es la forma m\u00e1s &#8220;normal&#8221; de desempleo.<\/p>\n\n\n\n<h3 class=\"wp-block-heading\"><strong>4. Desempleo estacional<\/strong><\/h3>\n\n\n\n<p>Afecta sectores como agricultura y turismo debido a cambios clim\u00e1ticos o temporadas de alta demanda.<\/p>\n\n\n\n<h3 class=\"wp-block-heading\"><strong>5. Desempleo voluntario<\/strong><\/h3>\n\n\n\n<p>Cuando alguien elige no aceptar ofertas laborales por considerarlas inadecuadas.<\/p>\n\n\n\n<figure class=\"wp-block-image\"><img decoding=\"async\" loading=\"lazy\" width=\"1024\" height=\"1024\" src=\"https:\/\/static.magneto365.com\/wordpress\/2025\/12\/09183009\/image-1.png\" alt=\"Diagrama de tipos de desempleo\" class=\"wp-image-133955\" title=\"Que es el desempleo\" srcset=\"https:\/\/static.magneto365.com\/wordpress\/2025\/12\/09183009\/image-1.png 1024w, https:\/\/static.magneto365.com\/wordpress\/2025\/12\/09183009\/image-1-300x300.png 300w, https:\/\/static.magneto365.com\/wordpress\/2025\/12\/09183009\/image-1-150x150.png 150w, https:\/\/static.magneto365.com\/wordpress\/2025\/12\/09183009\/image-1-768x768.png 768w, https:\/\/static.magneto365.com\/wordpress\/2025\/12\/09183009\/image-1-100x100.png 100w\" sizes=\"(max-width: 767px) 89vw, (max-width: 1000px) 54vw, (max-width: 1071px) 543px, 580px\" \/><\/figure>\n\n\n\n<h3 class=\"wp-block-heading\"><strong>Resumen de tipos principales de desempleo:<\/strong><\/h3>\n\n\n\n<ul>\n<li><strong>C\u00edclico<\/strong>: Fluctuaciones econ\u00f3micas.<\/li>\n\n\n\n<li><strong>Estructural<\/strong>: Cambio industrial.<\/li>\n\n\n\n<li><strong>Friccional<\/strong>: Transici\u00f3n laboral.<\/li>\n\n\n\n<li><strong>Estacional<\/strong>: Cambios estacionales.<\/li>\n<\/ul>\n\n\n\n<p>El an\u00e1lisis exhaustivo de los tipos de desempleo es esencial. Permite a los responsables pol\u00edticos y empresas adecuar sus estrategias para mitigar sus efectos en la sociedad y econom\u00eda.<\/p>\n\n\n\n<h2 class=\"wp-block-heading\"><strong>\u00bfQu\u00e9 es la tasa de desempleo y c\u00f3mo se determina?<\/strong><\/h2>\n\n\n\n<p>La <strong>tasa de desempleo<\/strong> mide el porcentaje de personas sin empleo que est\u00e1n buscando trabajo activamente. Es un indicador central para entender la situaci\u00f3n del mercado laboral.<\/p>\n\n\n\n<p>F\u00f3rmula:<\/p>\n\n\n\n<p><strong>Tasa de desempleo (%) = (N\u00famero de desempleados \/ Poblaci\u00f3n activa) x 100<\/strong><\/p>\n\n\n\n<p>La poblaci\u00f3n activa incluye a quienes trabajan o buscan trabajo.<br>No incluye:<\/p>\n\n\n\n<ul>\n<li>Personas desmotivadas que dejaron de buscar empleo<\/li>\n\n\n\n<li>Personas subempleadas que quisieran trabajar m\u00e1s horas<\/li>\n<\/ul>\n\n\n\n<p>Esto significa que la tasa oficial <strong>siempre est\u00e1 por debajo de la realidad<\/strong>.<\/p>\n\n\n\n<h2 class=\"wp-block-heading\"><strong>El desempleo en Colombia: Panorama actual<\/strong><\/h2>\n\n\n\n<p>El desempleo en Colombia es complejo y est\u00e1 marcado por factores como:<\/p>\n\n\n\n<ul>\n<li>Fluctuaciones econ\u00f3micas<\/li>\n\n\n\n<li>Crisis globales (ej. pandemia)<\/li>\n\n\n\n<li>Brechas en educaci\u00f3n<\/li>\n\n\n\n<li>Alt\u00edsimos niveles de informalidad<\/li>\n\n\n\n<li>Desplazamiento por conflicto armado<\/li>\n<\/ul>\n\n\n\n<p>Sectores como <strong>tecnolog\u00eda, agroindustria y servicios digitales<\/strong> est\u00e1n generando nuevas oportunidades para quienes buscan empleo.<\/p>\n\n\n\n<h2 class=\"wp-block-heading has-text-align-center has-white-color has-text-color has-background\" style=\"background:linear-gradient(135deg,rgb(6,147,227) 8%,rgb(155,81,224) 89%)\"><strong>10 causas del desempleo en Colombia<\/strong><\/h2>\n\n\n\n<ol>\n<li>Crecimiento econ\u00f3mico inestable<\/li>\n\n\n\n<li>Dependencia del petr\u00f3leo<\/li>\n\n\n\n<li>Alta informalidad<\/li>\n\n\n\n<li>Brecha entre educaci\u00f3n y demanda laboral<\/li>\n\n\n\n<li>Burocracia en procesos de contrataci\u00f3n<\/li>\n\n\n\n<li>Falta de incentivos para crear empresa<\/li>\n\n\n\n<li>Inseguridad y conflicto armado<\/li>\n\n\n\n<li>Desplazamientos forzados<\/li>\n\n\n\n<li>Acceso limitado a educaci\u00f3n t\u00e9cnica<\/li>\n\n\n\n<li>Falta de acceso a recursos financieros<\/li>\n<\/ol>\n\n\n\n<h2 class=\"wp-block-heading\"><strong>Factores que influyen en el desempleo en Colombia:<\/strong><\/h2>\n\n\n\n<ul>\n<li><strong>Crecimiento econ\u00f3mico inestable<\/strong>: Variaciones en el crecimiento del PIB afectan directamente el empleo.<\/li>\n\n\n\n<li><strong>Educaci\u00f3n y habilidades<\/strong>: Una brecha entre la educaci\u00f3n y las habilidades requeridas por el mercado.<\/li>\n\n\n\n<li><strong>Pol\u00edticas laborales<\/strong>: Reglamentos que impactan la contrataci\u00f3n y despido de empleados.<\/li>\n\n\n\n<li><strong>Conflicto armado<\/strong>: Hist\u00f3ricamente, ha desplazado poblaciones y afectado el empleo.<\/li>\n<\/ul>\n\n\n\n<p>Las pol\u00edticas gubernamentales juegan un rol esencial en la lucha contra el desempleo. Estrategias como las inversiones en infraestructura y programas de capacitaci\u00f3n laboral son clave. <strong>Estas acciones buscan no solo crear empleo<\/strong>, sino tambi\u00e9n mejorar las habilidades de la fuerza laboral.<\/p>\n\n\n\n<p>En Colombia, la econom\u00eda informal representa un desaf\u00edo adicional. Muchas personas encuentran empleo en el sector informal, sin acceso a beneficios laborales adecuados. Este fen\u00f3meno contribuye a una sensaci\u00f3n de inseguridad y precariedad laboral.<\/p>\n\n\n\n<h2 class=\"wp-block-heading\"><strong>Soluciones para reducir el desempleo<\/strong><\/h2>\n\n\n\n<p>Las estrategias m\u00e1s efectivas incluyen:<\/p>\n\n\n\n<ul>\n<li><strong>Capacitaci\u00f3n en habilidades digitales<\/strong><\/li>\n\n\n\n<li><strong>Programas de inserci\u00f3n laboral para j\u00f3venes<\/strong><\/li>\n\n\n\n<li><strong>Apoyo al emprendimiento<\/strong><\/li>\n\n\n\n<li><strong>Alianzas p\u00fablico-privadas<\/strong><\/li>\n\n\n\n<li><strong>Incentivos fiscales a empresas que contratan<\/strong><\/li>\n\n\n\n<li><strong>Educaci\u00f3n t\u00e9cnica y pr\u00e1ctica<\/strong><\/li>\n<\/ul>\n\n\n\n<p>El desempleo es un desaf\u00edo persistente que afecta la vida de quienes buscan trabajo.<br>Comprender sus causas y tipos te ayuda a tomar mejores decisiones laborales, orientar tu formaci\u00f3n y encontrar oportunidades en sectores con mayor crecimiento.<\/p>\n\n\n\n<div class=\"wp-block-buttons is-content-justification-center is-layout-flex wp-container-2 wp-block-buttons-is-layout-flex\">\n<div class=\"wp-block-button is-style-outline\"><a class=\"wp-block-button__link wp-element-button\" href=\"https:\/\/www.magneto365.com\/co\/empleos?f_magneto=1&amp;utm_source=blog&amp;utm_medium=organic&amp;utm_campaign=magneto&amp;utm_content=post-47-20240315-vacantes-laborales\">Explora las oportunidades laborales disponibles y da el siguiente paso hacia tu nueva etapa profesional.<\/a><\/div>\n<\/div>\n\n\n\n<p><strong>Tambi\u00e9n puedes leer: <\/strong><\/p>\n\n\n\n<p>\u2728<a href=\"https:\/\/www.magneto365.com\/co\/blog\/ganar-dinero-siendo-universitario\">7 ideas para estudiar y generar ingresos al mismo tiempo<\/a><\/p>\n\n\n\n<p>\u2728<a href=\"https:\/\/www.magneto365.com\/co\/blog\/generar-ingresos-pasivos-colombia\">C\u00f3mo generar ingresos pasivos y construir tu libertad financiera paso a paso<\/a><\/p>\n","protected":false},"excerpt":{"rendered":"<p>El desempleo es un fen\u00f3meno econ\u00f3mico que afecta a millones de personas en todo el mundo. Se refiere a la situaci\u00f3n en la que individuos en edad y capacidad de trabajar no pueden encontrar empleo. Este problema no solo impacta a los individuos, sino tambi\u00e9n a las econom\u00edas nacionales. Comprender qu\u00e9 es el desempleo es &hellip; <\/p>\n<p class=\"link-more\"><a href=\"https:\/\/www.magneto365.com\/manager\/que-es-el-desempleo-tipos-causas-colombia\/\" class=\"more-link\">Continuar leyendo<span class=\"screen-reader-text\"> &#8220;\u00bfQu\u00e9 es el desempleo y por qu\u00e9 afecta tu b\u00fasqueda de trabajo?&#8221;<\/span><\/a><\/p>\n","protected":false},"author":11,"featured_media":133954,"comment_status":"open","ping_status":"closed","sticky":false,"template":"","format":"standard","meta":{"_uag_custom_page_level_css":"","footnotes":""},"categories":[11,763],"tags":[15,784,141,20],"acf":{"floating_modal_blog":{"type":"disable","custom_fields":{"background":"","title":"","text":"","background_button":"","text_button":"","text_color":"","url_button":""}},"image_before_title":{"activate_generic_banner":false}},"contentshake_article_id":"","uagb_featured_image_src":{"full":["https:\/\/static.magneto365.com\/wordpress\/2025\/12\/09182926\/KW-que-es-el-desempleo.jpg",828,466,false],"thumbnail":["https:\/\/static.magneto365.com\/wordpress\/2025\/12\/09182926\/KW-que-es-el-desempleo-150x150.jpg",150,150,true],"medium":["https:\/\/static.magneto365.com\/wordpress\/2025\/12\/09182926\/KW-que-es-el-desempleo-300x169.jpg",300,169,true],"medium_large":["https:\/\/static.magneto365.com\/wordpress\/2025\/12\/09182926\/KW-que-es-el-desempleo-768x432.jpg",525,295,true],"large":["https:\/\/static.magneto365.com\/wordpress\/2025\/12\/09182926\/KW-que-es-el-desempleo.jpg",525,295,false],"1536x1536":["https:\/\/static.magneto365.com\/wordpress\/2025\/12\/09182926\/KW-que-es-el-desempleo.jpg",828,466,false],"2048x2048":["https:\/\/static.magneto365.com\/wordpress\/2025\/12\/09182926\/KW-que-es-el-desempleo.jpg",828,466,false],"twentyseventeen-featured-image":["https:\/\/static.magneto365.com\/wordpress\/2025\/12\/09182926\/KW-que-es-el-desempleo.jpg",828,466,false],"twentyseventeen-thumbnail-avatar":["https:\/\/static.magneto365.com\/wordpress\/2025\/12\/09182926\/KW-que-es-el-desempleo-100x100.jpg",100,100,true]},"uagb_author_info":{"display_name":"Nicolle Pacacira","author_link":"https:\/\/www.magneto365.com\/manager\/author\/nramirez\/"},"uagb_comment_info":0,"uagb_excerpt":"El desempleo es un fen\u00f3meno econ\u00f3mico que afecta a millones de personas en todo el mundo. Se refiere a la situaci\u00f3n en la que individuos en edad y capacidad de trabajar no pueden encontrar empleo. Este problema no solo impacta a los individuos, sino tambi\u00e9n a las econom\u00edas nacionales. Comprender qu\u00e9 es el desempleo es&hellip;","_links":{"self":[{"href":"https:\/\/www.magneto365.com\/manager\/wp-json\/wp\/v2\/posts\/133945"}],"collection":[{"href":"https:\/\/www.magneto365.com\/manager\/wp-json\/wp\/v2\/posts"}],"about":[{"href":"https:\/\/www.magneto365.com\/manager\/wp-json\/wp\/v2\/types\/post"}],"author":[{"embeddable":true,"href":"https:\/\/www.magneto365.com\/manager\/wp-json\/wp\/v2\/users\/11"}],"replies":[{"embeddable":true,"href":"https:\/\/www.magneto365.com\/manager\/wp-json\/wp\/v2\/comments?post=133945"}],"version-history":[{"count":1,"href":"https:\/\/www.magneto365.com\/manager\/wp-json\/wp\/v2\/posts\/133945\/revisions"}],"predecessor-version":[{"id":133957,"href":"https:\/\/www.magneto365.com\/manager\/wp-json\/wp\/v2\/posts\/133945\/revisions\/133957"}],"wp:featuredmedia":[{"embeddable":true,"href":"https:\/\/www.magneto365.com\/manager\/wp-json\/wp\/v2\/media\/133954"}],"wp:attachment":[{"href":"https:\/\/www.magneto365.com\/manager\/wp-json\/wp\/v2\/media?parent=133945"}],"wp:term":[{"taxonomy":"category","embeddable":true,"href":"https:\/\/www.magneto365.com\/manager\/wp-json\/wp\/v2\/categories?post=133945"},{"taxonomy":"post_tag","embeddable":true,"href":"https:\/\/www.magneto365.com\/manager\/wp-json\/wp\/v2\/tags?post=133945"}],"curies":[{"name":"wp","href":"https:\/\/api.w.org\/{rel}","templated":true}]}}